{"id":322859,"date":"2019-09-20T09:40:46","date_gmt":"2019-09-20T07:40:46","guid":{"rendered":"https:\/\/hashtag.al\/?p=322859"},"modified":"2019-09-20T09:50:56","modified_gmt":"2019-09-20T07:50:56","slug":"sa-kohe-do-qendroje-ish-ministri-tahiri-ne-sherbim-prove","status":"publish","type":"post","link":"https:\/\/www.hashtag.al\/index.php\/2019\/09\/20\/sa-kohe-do-qendroje-ish-ministri-tahiri-ne-sherbim-prove\/","title":{"rendered":"Sa koh\u00eb do q\u00ebndroj\u00eb ish-ministri Tahiri n\u00eb sh\u00ebrbim prov\u00eb","gt_translate_keys":[{"key":"rendered","format":"text"}]},"content":{"rendered":"<p><img loading=\"lazy\" decoding=\"async\" class=\"aligncenter size-full wp-image-322744\" src=\"https:\/\/hashtag.al\/wp-content\/uploads\/2019\/09\/Tahirisaimir.jpg\" alt=\"\" width=\"1280\" height=\"720\" srcset=\"https:\/\/www.hashtag.al\/wp-content\/uploads\/2019\/09\/Tahirisaimir.jpg 1280w, https:\/\/www.hashtag.al\/wp-content\/uploads\/2019\/09\/Tahirisaimir-300x169.jpg 300w, https:\/\/www.hashtag.al\/wp-content\/uploads\/2019\/09\/Tahirisaimir-768x432.jpg 768w, https:\/\/www.hashtag.al\/wp-content\/uploads\/2019\/09\/Tahirisaimir-1024x576.jpg 1024w\" sizes=\"auto, (max-width: 1280px) 100vw, 1280px\" \/><\/p>\n<p><span style=\"color: #000000;\">Ministri i Brendsh\u00ebm Saimir Tahiri do t\u00eb q\u00ebndroj\u00eb tre vjet n\u00eb sh\u00ebrbim prov\u00eb. Ky \u00ebsht\u00eb vendimi i djesh\u00ebm i Gjykat\u00ebs s\u00eb Krimeve t\u00eb R\u00ebnda.<\/span><br \/>\n<span style=\"color: #000000;\">Tahiri akuzohet p\u00ebr tre vepra t\u00eb r\u00ebnda penale \u201cKorrupsion t\u00eb zyrtar\u00ebve t\u00eb lart\u00eb\u201d, \u201cTrafik t\u00eb l\u00ebnd\u00ebve narkotike kryer n\u00eb bashk\u00ebpunim\u201d dhe \u201cGrup t\u00eb strukturuar kriminal\u201d, n\u00eb kuad\u00ebr t\u00eb dosjes \u2018Habilaj\u2019.<\/span><\/p>\n<p><span style=\"color: #000000;\">Mir\u00ebpo gjykata e shpalli ish-ministrin Tahiri t\u00eb pafajsh\u00ebm p\u00ebr dy akuzat e fundit dhe fajtor vet\u00ebm p\u00ebr nj\u00ebr\u00ebn akuz\u00eb, at\u00eb p\u00ebr &#8220;korrupsion&#8221;.<\/span><br \/>\n<span style=\"color: #000000;\">Gjykata e d\u00ebnoi at\u00eb me 5 vite burg, p\u00ebr shkak t\u00eb gjykimit t\u00eb shkurtuar ai p\u00ebrfiton uljen e nj\u00eb t\u00eb tret\u00ebs s\u00eb d\u00ebnimit, duke e reduktuar at\u00eb n\u00eb 3 vjet e kat\u00ebr muaj burg.<\/span><\/p>\n<p><span style=\"color: #000000;\">Por p\u00ebrs\u00ebri Tahiri nuk do t\u00eb kaloj\u00eb asnj\u00eb dit\u00eb n\u00eb qeli, pasi gjykata ka vendosur t\u00eb pezulloj\u00eb ekzekutimin e d\u00ebnimit t\u00eb tij me burg, duke e l\u00ebn\u00eb n\u00eb sh\u00ebrbimin e prov\u00ebs p\u00ebr nj\u00eb periudh\u00eb 3-vje\u00e7are.<\/span><br \/>\n<span style=\"color: #000000;\">N\u00ebse ky vendim do t\u00eb mbetet n\u00eb fuqi nga Apeli, Tahiri s&#8217;do b\u00ebj\u00eb asnj\u00eb dit\u00eb t\u00eb vetme burg.<\/span><\/p>\n<p><span style=\"color: #000000;\">Ish-ministrit Tahiri do t&#8217;i duhet t\u00eb mbaj\u00eb kontakte t\u00eb rregullta me sh\u00ebrbimin e prov\u00ebs dhe t\u00eb mos shoq\u00ebrohet me persona t\u00eb d\u00ebnuar dhe p\u00ebr tre vite nuk do mbaj\u00eb funksione publike.<\/span><\/p>\n<p><span style=\"color: #000000;\">Veprimtaria e Sh\u00ebrbimit t\u00eb Prov\u00ebs \u00ebsht\u00eb <em>&#8220;sh\u00ebrbim publik q\u00eb kryhet n\u00eb interes t\u00eb komunitetit, i cili synon rehabilitimin shoq\u00ebror t\u00eb shkel\u00ebsve t\u00eb ligjit, uljen e rrezikut t\u00eb p\u00ebrs\u00ebritjes s\u00eb veprave penale dhe rritjen e siguris\u00eb shoq\u00ebrore.&#8221;<\/em><\/span><\/p>\n<p><span style=\"color: #000000;\">Nga nj\u00ebra an\u00eb sh\u00ebrbimi i prov\u00ebs, u jep mund\u00ebsin\u00eb autor\u00ebve t\u00eb veprave penale p\u00ebr ri-integrim dhe rehabilitim n\u00eb shoq\u00ebri t\u00eb rifillojn\u00eb m\u00eb shpejt jet\u00ebn n\u00eb komunitet nd\u00ebrsa nga ana tjet\u00ebr i kontrollon dhe nd\u00ebshkon autor\u00ebt e veprave penale duke vepruar si mburoj\u00eb p\u00ebr komunitetin.\u00a0<\/span><\/p>\n<p><span style=\"color: #000000;\">Por Tahiri p\u00ebrs\u00ebri nuk shprehet i lumtur me vendimin, duke th\u00ebn\u00eb se do ta apeloj\u00eb. Ai tha se gjyqtar\u00ebt m\u00eb mir\u00eb ta kishin d\u00ebnuar at\u00eb p\u00ebr trafik droge.<\/span><br \/>\n<span style=\"color: #000000;\"><em>\u201cMesa kuptova, nuk jam kriminel, nuk jam trafikant, nuk jam pjes\u00eb e nj\u00eb grupi t\u00eb strukturuar kriminal, por meqen\u00ebse disa kush\u00ebrinj kan\u00eb p\u00ebrdorur emrin tim, kam shp\u00ebrdoruar detyr\u00ebn. As qesh dot dhe as qaj dot. Nes\u00ebr ju ftoj t\u00eb ndajm\u00eb bashk\u00eb. M\u00eb duket: je i pafajsh\u00ebm por nuk kemi k\u00ebllqe t\u00eb ta themi. Kjo \u00ebsht\u00eb vet\u00ebm maja e betej\u00ebs time. T\u00eb presim, jam kureshtar t\u00eb lexoj at\u00eb q\u00eb d\u00ebgjova. Gjykata tha nuk je trafikant, apo kriminel, po meq\u00eb ca kush\u00ebrinj kan\u00eb p\u00ebrdorur emrin t\u00ebnd dhe ke qen\u00eb minist\u00ebr ke shp\u00ebrdoruar detyr\u00ebn. Do ishte m\u00eb fisnike, t\u00eb ishin treguar burra dhe t\u00eb m\u00eb d\u00ebnonin p\u00ebr trafik. Sigurisht q\u00eb do ta apeloj k\u00ebt\u00eb vendim. Isha m\u00eb i qart\u00eb kur hyra sesa tani q\u00eb dola\u201d<\/em>, tha Tahiri.<\/span><\/p>\n<p><span style=\"color: #000000;\">Vendim i djesh\u00ebm i gjykat\u00ebs ka sjell\u00eb reagime n\u00eb radh\u00ebt e opozit\u00ebs. Kryetari i PD-s\u00eb Lulzim Basha e quajti vendimin e gjykat\u00ebs t\u00eb turpsh\u00ebm dhe shtoi se konfirmoi q\u00eb kryeministri Edi Rama b\u00ebri gjith\u00e7ka p\u00ebr t\u00eb mbrojtur Tahirin pasi ai e mban peng me dosjet e korrupsionit dhe lidhjeve me krimin.<\/span><\/p>\n<p><span style=\"color: #000000;\">Ish-kryeministri Sali Berisha shtoi se prokuroria nuk mori p\u00ebr baz\u00eb faktet thelb\u00ebsore duke mos i trajtuar n\u00eb aktakuz\u00ebn e saj.<strong>\/Hashtag.al<\/strong><\/span><\/p>\n","protected":false,"gt_translate_keys":[{"key":"rendered","format":"html"}]},"excerpt":{"rendered":"<p>Ministri i Brendsh\u00ebm Saimir Tahiri do t\u00eb q\u00ebndroj\u00eb tre vjet n\u00eb sh\u00ebrbim prov\u00eb. Ky \u00ebsht\u00eb vendimi i djesh\u00ebm i Gjykat\u00ebs s\u00eb Krimeve t\u00eb R\u00ebnda. Tahiri akuzohet p\u00ebr tre vepra t\u00eb r\u00ebnda penale \u201cKorrupsion t\u00eb zyrtar\u00ebve t\u00eb lart\u00eb\u201d, \u201cTrafik t\u00eb l\u00ebnd\u00ebve narkotike kryer n\u00eb bashk\u00ebpunim\u201d dhe \u201cGrup t\u00eb strukturuar kriminal\u201d, n\u00eb kuad\u00ebr t\u00eb dosjes \u2018Habilaj\u2019. Mir\u00ebpo [&hellip;]<\/p>\n","protected":false,"gt_translate_keys":[{"key":"rendered","format":"html"}]},"author":30,"featured_media":322744,"comment_status":"open","ping_status":"open","sticky":false,"template":"","format":"standard","meta":{"footnotes":""},"categories":[22,65,13],"tags":[],"class_list":["post-322859","post","type-post","status-publish","format-standard","has-post-thumbnail","hentry","category-ballina","category-lajme","category-te-fundit"],"gt_translate_keys":[{"key":"link","format":"url"}],"_links":{"self":[{"href":"https:\/\/www.hashtag.al\/index.php\/wp-json\/wp\/v2\/posts\/322859","targetHints":{"allow":["GET"]}}],"collection":[{"href":"https:\/\/www.hashtag.al\/index.php\/wp-json\/wp\/v2\/posts"}],"about":[{"href":"https:\/\/www.hashtag.al\/index.php\/wp-json\/wp\/v2\/types\/post"}],"author":[{"embeddable":true,"href":"https:\/\/www.hashtag.al\/index.php\/wp-json\/wp\/v2\/users\/30"}],"replies":[{"embeddable":true,"href":"https:\/\/www.hashtag.al\/index.php\/wp-json\/wp\/v2\/comments?post=322859"}],"version-history":[{"count":0,"href":"https:\/\/www.hashtag.al\/index.php\/wp-json\/wp\/v2\/posts\/322859\/revisions"}],"wp:featuredmedia":[{"embeddable":true,"href":"https:\/\/www.hashtag.al\/index.php\/wp-json\/wp\/v2\/media\/322744"}],"wp:attachment":[{"href":"https:\/\/www.hashtag.al\/index.php\/wp-json\/wp\/v2\/media?parent=322859"}],"wp:term":[{"taxonomy":"category","embeddable":true,"href":"https:\/\/www.hashtag.al\/index.php\/wp-json\/wp\/v2\/categories?post=322859"},{"taxonomy":"post_tag","embeddable":true,"href":"https:\/\/www.hashtag.al\/index.php\/wp-json\/wp\/v2\/tags?post=322859"}],"curies":[{"name":"wp","href":"https:\/\/api.w.org\/{rel}","templated":true}]}}