{"id":322768,"date":"2019-09-19T18:13:29","date_gmt":"2019-09-19T16:13:29","guid":{"rendered":"https:\/\/hashtag.al\/?p=322768"},"modified":"2019-09-19T18:13:29","modified_gmt":"2019-09-19T16:13:29","slug":"ndalohen-21-refugjate-nga-lindja-e-mesme-ne-devoll","status":"publish","type":"post","link":"https:\/\/www.hashtag.al\/index.php\/2019\/09\/19\/ndalohen-21-refugjate-nga-lindja-e-mesme-ne-devoll\/","title":{"rendered":"Ndalohen 21 refugjat\u00eb nga Lindja e Mesme n\u00eb Devoll","gt_translate_keys":[{"key":"rendered","format":"text"}]},"content":{"rendered":"<p><img loading=\"lazy\" decoding=\"async\" class=\"aligncenter size-full wp-image-218184\" src=\"https:\/\/hashtag.al\/wp-content\/uploads\/2018\/07\/auto_refugjate1531950481.jpg\" alt=\"\" width=\"900\" height=\"635\" \/><\/p>\n<p><span style=\"color: #000000;\">Dit\u00ebn e sotme jan\u00eb kapur 21 refugjat\u00eb n\u00eb fshatin Trestenik. Mes tyre ka burra, gra dhe f\u00ebmij\u00eb.<\/span><\/p>\n<p><span style=\"color: #000000;\">Tremb\u00ebdhjet\u00eb prej refugjat\u00ebve t\u00eb kapur jan\u00eb an\u00ebtar\u00eb t\u00eb s\u00eb nj\u00ebjt\u00ebs familje. Refugjat\u00ebt jan\u00eb maroken\u00eb, sirian\u00eb dhe irakian.<\/span><\/p>\n<p><span style=\"color: #000000;\">Gjat\u00eb muajit shtator ka pasur dyndje t\u00eb hyrjes s\u00eb refugjat\u00ebve, kryesisht n\u00eb dy fshatrat kufitar\u00eb ,Trestenik dhe Vernik.<\/span><\/p>\n","protected":false,"gt_translate_keys":[{"key":"rendered","format":"html"}]},"excerpt":{"rendered":"<p>Dit\u00ebn e sotme jan\u00eb kapur 21 refugjat\u00eb n\u00eb fshatin Trestenik. Mes tyre ka burra, gra dhe f\u00ebmij\u00eb. Tremb\u00ebdhjet\u00eb prej refugjat\u00ebve t\u00eb kapur jan\u00eb an\u00ebtar\u00eb t\u00eb s\u00eb nj\u00ebjt\u00ebs familje. Refugjat\u00ebt jan\u00eb maroken\u00eb, sirian\u00eb dhe irakian. Gjat\u00eb muajit shtator ka pasur dyndje t\u00eb hyrjes s\u00eb refugjat\u00ebve, kryesisht n\u00eb dy fshatrat kufitar\u00eb ,Trestenik dhe Vernik.<\/p>\n","protected":false,"gt_translate_keys":[{"key":"rendered","format":"html"}]},"author":32,"featured_media":218184,"comment_status":"open","ping_status":"open","sticky":false,"template":"","format":"standard","meta":{"footnotes":""},"categories":[65,13],"tags":[],"class_list":["post-322768","post","type-post","status-publish","format-standard","has-post-thumbnail","hentry","category-lajme","category-te-fundit"],"gt_translate_keys":[{"key":"link","format":"url"}],"_links":{"self":[{"href":"https:\/\/www.hashtag.al\/index.php\/wp-json\/wp\/v2\/posts\/322768","targetHints":{"allow":["GET"]}}],"collection":[{"href":"https:\/\/www.hashtag.al\/index.php\/wp-json\/wp\/v2\/posts"}],"about":[{"href":"https:\/\/www.hashtag.al\/index.php\/wp-json\/wp\/v2\/types\/post"}],"author":[{"embeddable":true,"href":"https:\/\/www.hashtag.al\/index.php\/wp-json\/wp\/v2\/users\/32"}],"replies":[{"embeddable":true,"href":"https:\/\/www.hashtag.al\/index.php\/wp-json\/wp\/v2\/comments?post=322768"}],"version-history":[{"count":0,"href":"https:\/\/www.hashtag.al\/index.php\/wp-json\/wp\/v2\/posts\/322768\/revisions"}],"wp:featuredmedia":[{"embeddable":true,"href":"https:\/\/www.hashtag.al\/index.php\/wp-json\/"}],"wp:attachment":[{"href":"https:\/\/www.hashtag.al\/index.php\/wp-json\/wp\/v2\/media?parent=322768"}],"wp:term":[{"taxonomy":"category","embeddable":true,"href":"https:\/\/www.hashtag.al\/index.php\/wp-json\/wp\/v2\/categories?post=322768"},{"taxonomy":"post_tag","embeddable":true,"href":"https:\/\/www.hashtag.al\/index.php\/wp-json\/wp\/v2\/tags?post=322768"}],"curies":[{"name":"wp","href":"https:\/\/api.w.org\/{rel}","templated":true}]}}