{"id":322163,"date":"2019-09-17T10:20:31","date_gmt":"2019-09-17T08:20:31","guid":{"rendered":"https:\/\/hashtag.al\/?p=322163"},"modified":"2019-09-17T10:20:31","modified_gmt":"2019-09-17T08:20:31","slug":"meta-cpo-ndodh-dhe-kujt-i-intereson-nje-shqiperi-pa-shqiptare","status":"publish","type":"post","link":"https:\/\/www.hashtag.al\/index.php\/2019\/09\/17\/meta-cpo-ndodh-dhe-kujt-i-intereson-nje-shqiperi-pa-shqiptare\/","title":{"rendered":"Meta: \u00c7\u2019po ndodh dhe kujt i intereson nj\u00eb Shqip\u00ebri pa shqiptar\u00eb","gt_translate_keys":[{"key":"rendered","format":"text"}]},"content":{"rendered":"<p><img loading=\"lazy\" decoding=\"async\" class=\"aligncenter size-full wp-image-312755\" src=\"https:\/\/hashtag.al\/wp-content\/uploads\/2019\/07\/meta31korrik.jpg\" alt=\"\" width=\"275\" height=\"183\" \/><\/p>\n<p><span style=\"color: #000000;\">Pas g\u00ebzimit p\u00ebr fillimin e vitit t\u00eb ri shkollor p\u00ebr f\u00ebmij\u00ebt, presidenti i vendit Ilir Meta e ka \u00e7uar v\u00ebmendjen n\u00eb largimin e nj\u00eb pjese t\u00eb mir\u00eb t\u00eb shqiptar\u00ebve nga vendi.<\/span><\/p>\n<p><span style=\"color: #000000;\">Meta thot\u00eb se ka ardhur koha t&#8217;i jepet fund antagonizmit politik, duke p\u00ebrcjell\u00eb k\u00ebshtu edhe nj\u00eb mesazh p\u00ebr pal\u00ebt n\u00eb politik\u00eb.<\/span><\/p>\n<p><em><span style=\"color: #000000;\">&#8220;T\u00eb dashur miq,<\/span><\/em><br \/>\n<em><span style=\"color: #000000;\">Nisja e vitit t\u00eb ri shkollor \u00ebsht\u00eb nj\u00eb ngjarje e g\u00ebzueshme p\u00ebr shoq\u00ebrin\u00eb ton\u00eb. Shum\u00eb urime pati dje. Por nga sot duhet t\u00eb reflektojm\u00eb p\u00ebr tkurrjen dramatike t\u00eb popullsis\u00eb, q\u00eb po ndikon drejtp\u00ebrs\u00ebdrejti edhe n\u00eb sektorin e arsimit.<\/span><\/em><br \/>\n<em><span style=\"color: #000000;\">\u00c7do vit q\u00eb kalon shkollat po p\u00ebrballen me sfid\u00ebn e uljes s\u00eb numrit t\u00eb nx\u00ebn\u00ebsve.<\/span><\/em><br \/>\n<em><span style=\"color: #000000;\">\u00cbsht\u00eb koha t\u00eb mendojm\u00eb seriozisht p\u00ebr t\u00eb ardhmen ton\u00eb, p\u00ebr t\u2019i dh\u00ebn\u00eb fund antagonizmit t\u00eb paprincipt\u00eb politik q\u00eb ka sjell\u00eb nj\u00eb erozion t\u00eb tmerrsh\u00ebm social, jo vet\u00ebm vlerash dhe besimi.<\/span><\/em><br \/>\n<em><span style=\"color: #000000;\">Ju ftoj t\u00eb ndiqni k\u00ebt\u00eb kronik\u00eb p\u00ebr t\u00eb kuptuar m\u00eb qart\u00eb se \u00e7\u2019po ndodh n\u00eb Shqip\u00ebri dhe se kujt i intereson nj\u00eb Shqip\u00ebri pa shqiptar\u00eb.<\/span><\/em><br \/>\n<span style=\"color: #000000;\"><em>Zgjidhja nuk \u00ebsht\u00eb largimi por NDRYSHIMI!&#8221;<\/em>, shkruan presidenti.<\/span><\/p>\n","protected":false,"gt_translate_keys":[{"key":"rendered","format":"html"}]},"excerpt":{"rendered":"<p>Pas g\u00ebzimit p\u00ebr fillimin e vitit t\u00eb ri shkollor p\u00ebr f\u00ebmij\u00ebt, presidenti i vendit Ilir Meta e ka \u00e7uar v\u00ebmendjen n\u00eb largimin e nj\u00eb pjese t\u00eb mir\u00eb t\u00eb shqiptar\u00ebve nga vendi. Meta thot\u00eb se ka ardhur koha t&#8217;i jepet fund antagonizmit politik, duke p\u00ebrcjell\u00eb k\u00ebshtu edhe nj\u00eb mesazh p\u00ebr pal\u00ebt n\u00eb politik\u00eb. &#8220;T\u00eb dashur miq, [&hellip;]<\/p>\n","protected":false,"gt_translate_keys":[{"key":"rendered","format":"html"}]},"author":30,"featured_media":312756,"comment_status":"open","ping_status":"open","sticky":false,"template":"","format":"standard","meta":{"footnotes":""},"categories":[65,13],"tags":[],"class_list":["post-322163","post","type-post","status-publish","format-standard","has-post-thumbnail","hentry","category-lajme","category-te-fundit"],"gt_translate_keys":[{"key":"link","format":"url"}],"_links":{"self":[{"href":"https:\/\/www.hashtag.al\/index.php\/wp-json\/wp\/v2\/posts\/322163","targetHints":{"allow":["GET"]}}],"collection":[{"href":"https:\/\/www.hashtag.al\/index.php\/wp-json\/wp\/v2\/posts"}],"about":[{"href":"https:\/\/www.hashtag.al\/index.php\/wp-json\/wp\/v2\/types\/post"}],"author":[{"embeddable":true,"href":"https:\/\/www.hashtag.al\/index.php\/wp-json\/wp\/v2\/users\/30"}],"replies":[{"embeddable":true,"href":"https:\/\/www.hashtag.al\/index.php\/wp-json\/wp\/v2\/comments?post=322163"}],"version-history":[{"count":0,"href":"https:\/\/www.hashtag.al\/index.php\/wp-json\/wp\/v2\/posts\/322163\/revisions"}],"wp:featuredmedia":[{"embeddable":true,"href":"https:\/\/www.hashtag.al\/index.php\/wp-json\/wp\/v2\/media\/312756"}],"wp:attachment":[{"href":"https:\/\/www.hashtag.al\/index.php\/wp-json\/wp\/v2\/media?parent=322163"}],"wp:term":[{"taxonomy":"category","embeddable":true,"href":"https:\/\/www.hashtag.al\/index.php\/wp-json\/wp\/v2\/categories?post=322163"},{"taxonomy":"post_tag","embeddable":true,"href":"https:\/\/www.hashtag.al\/index.php\/wp-json\/wp\/v2\/tags?post=322163"}],"curies":[{"name":"wp","href":"https:\/\/api.w.org\/{rel}","templated":true}]}}