{"id":321742,"date":"2019-09-15T09:25:58","date_gmt":"2019-09-15T07:25:58","guid":{"rendered":"https:\/\/hashtag.al\/?p=321742"},"modified":"2019-09-15T09:31:11","modified_gmt":"2019-09-15T07:31:11","slug":"meta-parimet-e-demokracise-ne-vend-jane-percudnuar-o-sot-o-kurre-te-shpetojme-nga-pengmarrja-e-nje-pakice","status":"publish","type":"post","link":"https:\/\/www.hashtag.al\/index.php\/2019\/09\/15\/meta-parimet-e-demokracise-ne-vend-jane-percudnuar-o-sot-o-kurre-te-shpetojme-nga-pengmarrja-e-nje-pakice\/","title":{"rendered":"Meta: Parimet e demokracis\u00eb n\u00eb vend jan\u00eb p\u00ebr\u00e7udnuar, o sot o kurr\u00eb t\u00eb shp\u00ebtojm\u00eb nga pengmarrja e nj\u00eb pakice","gt_translate_keys":[{"key":"rendered","format":"text"}]},"content":{"rendered":"<p><span style=\"color: #000000;\"><img loading=\"lazy\" decoding=\"async\" class=\"aligncenter size-full wp-image-321102\" src=\"https:\/\/hashtag.al\/wp-content\/uploads\/2019\/09\/meta11shtator.JPG2_.jpeg\" alt=\"\" width=\"1280\" height=\"853\" srcset=\"https:\/\/www.hashtag.al\/wp-content\/uploads\/2019\/09\/meta11shtator.JPG2_.jpeg 1280w, https:\/\/www.hashtag.al\/wp-content\/uploads\/2019\/09\/meta11shtator.JPG2_-300x200.jpeg 300w, https:\/\/www.hashtag.al\/wp-content\/uploads\/2019\/09\/meta11shtator.JPG2_-768x512.jpeg 768w, https:\/\/www.hashtag.al\/wp-content\/uploads\/2019\/09\/meta11shtator.JPG2_-1024x682.jpeg 1024w\" sizes=\"auto, (max-width: 1280px) 100vw, 1280px\" \/><\/span><\/p>\n<p><span style=\"color: #000000;\">N\u00eb dit\u00ebn nd\u00ebrkomb\u00ebtare t\u00eb demokracis\u00eb, presidenti i vendit Ilir Meta ka nj\u00eb mesazh p\u00ebr shqiptar\u00ebt, t\u00eb cil\u00ebve u b\u00ebn thirrje se sot kan\u00eb nj\u00eb mision t\u00eb p\u00ebrbashk\u00ebt: T\u00eb shp\u00ebtojn\u00eb demokracin\u00eb.<\/span><\/p>\n<p><span style=\"color: #000000;\">Meta shprehet se parimet e demokracis\u00eb jan\u00eb p\u00ebr\u00e7udnuar n\u00eb vendin ton\u00eb. Ai flet p\u00ebr axhenda dhe komplote n\u00eb vend nga qeveritar\u00ebt dhe shton se ka ardhur momenti p\u00ebr nj\u00eb &#8220;Zgjim&#8221; dhe ndryshim&#8221;. Ai thot\u00eb se o sot o kurr\u00eb, duhet shp\u00ebtuar demokracia nga pakicat e pap\u00ebrgjegjshme si\u00e7 shprehet ai duke n\u00ebnkuptuar qeverin\u00eb e Edi Ram\u00ebs.<\/span><\/p>\n<p><span style=\"color: #000000;\"><strong>MESAZHI I MET\u00cbS<\/strong><\/span><\/p>\n<p><span style=\"color: #000000;\">&#8220;T\u00eb dashur miq, sot \u00ebsht\u00eb Dita Nd\u00ebrkomb\u00ebtare e Demokracis\u00eb.<\/span><\/p>\n<p><span style=\"color: #000000;\">N\u00eb themel t\u00eb demokracis\u00eb q\u00ebndron vota, e drejta e \u00e7do qytetari p\u00ebr t&#8217;u zgjedhur e p\u00ebr t\u00eb zgjedhur, pluralizmi politik.<\/span><\/p>\n<p><span style=\"color: #000000;\">Demokraci do t\u00eb thot\u00eb q\u00eb \u00e7do qytetar t\u00eb vendos\u00eb p\u00ebr t\u00eb ardhmen e vet. Q\u00eb \u00e7do qytetar t\u00eb ket\u00eb besim te roli i vet n\u00eb demokraci. Q\u00eb \u00e7do qytetar t\u00eb ket\u00eb mund\u00ebsi p\u00ebr t\u00eb ndikuar mbi vendimmarrjen. P\u00ebr ta detyruar at\u00eb t\u00eb jet\u00eb transparente, n\u00ebp\u00ebrmjet llogaridh\u00ebnies n\u00eb \u00e7do nivel vendor dhe komb\u00ebtar.<\/span><\/p>\n<p><span style=\"color: #000000;\">Demokraci do t\u00eb thot\u00eb q\u00eb \u00e7do qytetar t\u00eb jet\u00eb i barabart\u00eb para ligjit.<\/span><\/p>\n<p><span style=\"color: #000000;\">Fatkeq\u00ebsisht shum\u00eb nga k\u00ebto parime e vlera q\u00eb jan\u00eb kolonat dhe zemra e bot\u00ebs demokratike, jan\u00eb p\u00ebr\u00e7udnuar n\u00eb vendin ton\u00eb.<\/span><\/p>\n<p><span style=\"color: #000000;\">Zhg\u00ebnjimi \u00ebsht\u00eb i madh. Jo ndaj demokracis\u00eb q\u00eb soll\u00ebm n\u00eb dhjetor &#8217;90, por ndaj form\u00ebs s\u00eb sh\u00ebmtuar q\u00eb ajo mori n\u00eb 30 vite. Shpopullimi dramatik i Shqip\u00ebris\u00eb dhe humbja e shpres\u00ebs, ve\u00e7an\u00ebrisht tek brezi i ri, \u00ebsht\u00eb treguesi m\u00eb i dhimbsh\u00ebm dhe fatkeq. Shikoni ku jemi sot: t\u00eb fundit n\u00eb rajon para dyerve t\u00eb BE-s\u00eb. Dhe ende askush nuk mban p\u00ebrgjegj\u00ebsi, p\u00ebrkundrazi. Ka edhe m\u00eb shum\u00eb thellim n\u00eb paligjshm\u00ebri.<\/span><\/p>\n<p><span style=\"color: #000000;\">Fenomeni i rreziksh\u00ebm i shtetit paralel t\u00eb propagand\u00ebs dhe PPP-ve, dhe axhendat e n\u00ebndheshme q\u00eb kan\u00eb kapur p\u00ebr fyti Shqip\u00ebrin\u00eb, nuk jan\u00eb gj\u00eb tjet\u00ebr ve\u00e7se nj\u00eb komplot kund\u00ebr demokracis\u00eb, \u00e7do vlere e parimi t\u00eb saj, kund\u00ebr sovranitetit t\u00eb t\u00eb gjith\u00eb qytetar\u00ebve q\u00eb duan nj\u00eb demokraci t\u00eb v\u00ebrtet\u00eb europiane dhe per\u00ebndimore.<\/span><\/p>\n<p><span style=\"color: #000000;\">Ndaj ne sot kemi nj\u00eb mision t\u00eb p\u00ebrbashk\u00ebt historik: T\u00eb shp\u00ebtojm\u00eb demokracin\u00eb nga pengmarrja e nj\u00eb pakice t\u00eb pap\u00ebrgjegjshme dhe jolegjitime!<\/span><\/p>\n<p><span style=\"color: #000000;\">Koha nuk pret!<\/span><\/p>\n<p><span style=\"color: #000000;\">Kjo \u00ebsht\u00eb beteja jon\u00eb! E njer\u00ebzve t\u00eb lir\u00eb, t\u00eb ndersh\u00ebm dhe pun\u00ebtor\u00eb, e rinis\u00eb son\u00eb t\u00eb mrekullueshme! E t\u00eb gjith\u00ebve ne q\u00eb e duam me shpirt dhe zem\u00ebr Shqip\u00ebrin\u00eb! Dhe un\u00eb jam m\u00eb i vendosur se kurr\u00eb!<\/span><\/p>\n<p><span style=\"color: #000000;\">P\u00ebr nj\u00eb Shqip\u00ebri demokratike, si gjith\u00eb Europa!<\/span><\/p>\n<p><span style=\"color: #000000;\">Sepse liria, demokracia dhe dinjiteti njer\u00ebzor jan\u00eb t\u00eb panegociueshme!<\/span><\/p>\n<p><span style=\"color: #000000;\">Mbrojtja e demokracis\u00eb sot \u00ebsht\u00eb nj\u00eb detyr\u00eb patriotike p\u00ebr t&#8217;i rikthyer besimin \u00e7do qytetari dhe \u00e7do t\u00eb riu se e ardhmja m\u00eb e mir\u00eb \u00ebsht\u00eb vet\u00ebm k\u00ebtu dhe kjo k\u00ebrkon kontributin e secilit p\u00ebr ndryshim.<\/span><\/p>\n<p><span style=\"color: #000000;\">Zgjidhja nuk \u00ebsht\u00eb largimi, por zgjimi dhe ndryshimi!<\/span><\/p>\n<p><span style=\"color: #000000;\">Largimi u intereson atyre q\u00eb duan t\u00eb zbrazin Shqip\u00ebrin\u00eb nga shqiptar\u00ebt, ndaj prej koh\u00ebsh kan\u00eb planifikuar vrasjen e ngadalt\u00eb t\u00eb demokracis\u00eb dhe shtetit t\u00eb s\u00eb drejt\u00ebs.<\/span><\/p>\n<p><span style=\"color: #000000;\">T&#8217;ua kthejm\u00eb Shqip\u00ebrin\u00eb shqiptar\u00ebve dhe vet\u00ebm atyre! Sepse t\u00eb rinjt\u00eb tan\u00eb mund t\u00eb gjejn\u00eb \u00e7do gj\u00eb jasht\u00eb q\u00eb u mungon sot k\u00ebtu, por kurr\u00eb nuk do t\u00eb gjejn\u00eb Atdhe!<\/span><\/p>\n<p><span style=\"color: #000000;\">Regjimi i bllokmen\u00ebve ishte shum\u00eb her\u00eb m\u00eb i v\u00ebshtir\u00eb se regjimi i oligark\u00ebve p\u00ebr t&#8217;u p\u00ebrmbysur!<\/span><\/p>\n<p><span style=\"color: #000000;\">Zgjidhja nuk \u00ebsht\u00eb t\u00ebrheqja dhe justifikimet foshnjore, por p\u00ebrballja me t\u00eb keqen dhe lig\u00ebsin\u00eb!<\/span><\/p>\n<p><span style=\"color: #000000;\">O SOT O KURR\u00cb!<\/span><\/p>\n","protected":false,"gt_translate_keys":[{"key":"rendered","format":"html"}]},"excerpt":{"rendered":"<p>N\u00eb dit\u00ebn nd\u00ebrkomb\u00ebtare t\u00eb demokracis\u00eb, presidenti i vendit Ilir Meta ka nj\u00eb mesazh p\u00ebr shqiptar\u00ebt, t\u00eb cil\u00ebve u b\u00ebn thirrje se sot kan\u00eb nj\u00eb mision t\u00eb p\u00ebrbashk\u00ebt: T\u00eb shp\u00ebtojn\u00eb demokracin\u00eb. Meta shprehet se parimet e demokracis\u00eb jan\u00eb p\u00ebr\u00e7udnuar n\u00eb vendin ton\u00eb. Ai flet p\u00ebr axhenda dhe komplote n\u00eb vend nga qeveritar\u00ebt dhe shton se ka [&hellip;]<\/p>\n","protected":false,"gt_translate_keys":[{"key":"rendered","format":"html"}]},"author":30,"featured_media":320704,"comment_status":"open","ping_status":"open","sticky":false,"template":"","format":"standard","meta":{"footnotes":""},"categories":[65,13],"tags":[],"class_list":["post-321742","post","type-post","status-publish","format-standard","has-post-thumbnail","hentry","category-lajme","category-te-fundit"],"gt_translate_keys":[{"key":"link","format":"url"}],"_links":{"self":[{"href":"https:\/\/www.hashtag.al\/index.php\/wp-json\/wp\/v2\/posts\/321742","targetHints":{"allow":["GET"]}}],"collection":[{"href":"https:\/\/www.hashtag.al\/index.php\/wp-json\/wp\/v2\/posts"}],"about":[{"href":"https:\/\/www.hashtag.al\/index.php\/wp-json\/wp\/v2\/types\/post"}],"author":[{"embeddable":true,"href":"https:\/\/www.hashtag.al\/index.php\/wp-json\/wp\/v2\/users\/30"}],"replies":[{"embeddable":true,"href":"https:\/\/www.hashtag.al\/index.php\/wp-json\/wp\/v2\/comments?post=321742"}],"version-history":[{"count":0,"href":"https:\/\/www.hashtag.al\/index.php\/wp-json\/wp\/v2\/posts\/321742\/revisions"}],"wp:featuredmedia":[{"embeddable":true,"href":"https:\/\/www.hashtag.al\/index.php\/wp-json\/wp\/v2\/media\/320704"}],"wp:attachment":[{"href":"https:\/\/www.hashtag.al\/index.php\/wp-json\/wp\/v2\/media?parent=321742"}],"wp:term":[{"taxonomy":"category","embeddable":true,"href":"https:\/\/www.hashtag.al\/index.php\/wp-json\/wp\/v2\/categories?post=321742"},{"taxonomy":"post_tag","embeddable":true,"href":"https:\/\/www.hashtag.al\/index.php\/wp-json\/wp\/v2\/tags?post=321742"}],"curies":[{"name":"wp","href":"https:\/\/api.w.org\/{rel}","templated":true}]}}