{"id":321704,"date":"2019-09-14T21:01:33","date_gmt":"2019-09-14T19:01:33","guid":{"rendered":"https:\/\/hashtag.al\/?p=321704"},"modified":"2019-09-14T21:01:33","modified_gmt":"2019-09-14T19:01:33","slug":"dy-makina-perplasen-ne-rrugen-peshkopi-diber-plagoset-rende-nje-grua","status":"publish","type":"post","link":"https:\/\/www.hashtag.al\/index.php\/2019\/09\/14\/dy-makina-perplasen-ne-rrugen-peshkopi-diber-plagoset-rende-nje-grua\/","title":{"rendered":"Dy makina p\u00ebrplasen n\u00eb rrug\u00ebn Peshkopi-Dib\u00ebr, plagoset r\u00ebnd\u00eb nj\u00eb grua","gt_translate_keys":[{"key":"rendered","format":"text"}]},"content":{"rendered":"<p><img loading=\"lazy\" decoding=\"async\" class=\"aligncenter size-full wp-image-319334\" src=\"https:\/\/hashtag.al\/wp-content\/uploads\/2019\/09\/aksidentnaten.jpg\" alt=\"\" width=\"830\" height=\"530\" srcset=\"https:\/\/www.hashtag.al\/wp-content\/uploads\/2019\/09\/aksidentnaten.jpg 830w, https:\/\/www.hashtag.al\/wp-content\/uploads\/2019\/09\/aksidentnaten-300x192.jpg 300w, https:\/\/www.hashtag.al\/wp-content\/uploads\/2019\/09\/aksidentnaten-768x490.jpg 768w\" sizes=\"auto, (max-width: 830px) 100vw, 830px\" \/><\/p>\n<p><span style=\"color: #000000;\">Nj\u00eb aksident i r\u00ebnd\u00eb ka ndodhur n\u00eb rrug\u00ebn Peshkopi-Bulqiz\u00eb.\u00a0 <\/span><\/p>\n<p><span style=\"color: #000000;\">Dy persona jan\u00eb plagosur pasi dy makina jan\u00eb p\u00ebrplasur me nj\u00ebra-tjetr\u00ebn kok\u00eb m\u00eb kok\u00eb n\u00eb af\u00ebrshi t\u00eb Shupenz\u00ebs.<\/span><\/p>\n<p><span style=\"color: #000000;\"> Nj\u00eb grua q\u00eb ishte n\u00eb nj\u00ebrin nga mjetet \u00ebsht\u00eb n\u00eb gjendje t\u00eb r\u00ebnd\u00eb p\u00ebr jet\u00ebn dhe pritet t\u00eb niset drejt spitalit t\u00eb Traum\u00ebs n\u00eb Tiran\u00eb.<\/span><\/p>\n","protected":false,"gt_translate_keys":[{"key":"rendered","format":"html"}]},"excerpt":{"rendered":"<p>Nj\u00eb aksident i r\u00ebnd\u00eb ka ndodhur n\u00eb rrug\u00ebn Peshkopi-Bulqiz\u00eb.\u00a0 Dy persona jan\u00eb plagosur pasi dy makina jan\u00eb p\u00ebrplasur me nj\u00ebra-tjetr\u00ebn kok\u00eb m\u00eb kok\u00eb n\u00eb af\u00ebrshi t\u00eb Shupenz\u00ebs. Nj\u00eb grua q\u00eb ishte n\u00eb nj\u00ebrin nga mjetet \u00ebsht\u00eb n\u00eb gjendje t\u00eb r\u00ebnd\u00eb p\u00ebr jet\u00ebn dhe pritet t\u00eb niset drejt spitalit t\u00eb Traum\u00ebs n\u00eb Tiran\u00eb.<\/p>\n","protected":false,"gt_translate_keys":[{"key":"rendered","format":"html"}]},"author":51,"featured_media":313929,"comment_status":"open","ping_status":"open","sticky":false,"template":"","format":"standard","meta":{"footnotes":""},"categories":[65,13],"tags":[],"class_list":["post-321704","post","type-post","status-publish","format-standard","has-post-thumbnail","hentry","category-lajme","category-te-fundit"],"gt_translate_keys":[{"key":"link","format":"url"}],"_links":{"self":[{"href":"https:\/\/www.hashtag.al\/index.php\/wp-json\/wp\/v2\/posts\/321704","targetHints":{"allow":["GET"]}}],"collection":[{"href":"https:\/\/www.hashtag.al\/index.php\/wp-json\/wp\/v2\/posts"}],"about":[{"href":"https:\/\/www.hashtag.al\/index.php\/wp-json\/wp\/v2\/types\/post"}],"author":[{"embeddable":true,"href":"https:\/\/www.hashtag.al\/index.php\/wp-json\/wp\/v2\/users\/51"}],"replies":[{"embeddable":true,"href":"https:\/\/www.hashtag.al\/index.php\/wp-json\/wp\/v2\/comments?post=321704"}],"version-history":[{"count":0,"href":"https:\/\/www.hashtag.al\/index.php\/wp-json\/wp\/v2\/posts\/321704\/revisions"}],"wp:featuredmedia":[{"embeddable":true,"href":"https:\/\/www.hashtag.al\/index.php\/wp-json\/wp\/v2\/media\/313929"}],"wp:attachment":[{"href":"https:\/\/www.hashtag.al\/index.php\/wp-json\/wp\/v2\/media?parent=321704"}],"wp:term":[{"taxonomy":"category","embeddable":true,"href":"https:\/\/www.hashtag.al\/index.php\/wp-json\/wp\/v2\/categories?post=321704"},{"taxonomy":"post_tag","embeddable":true,"href":"https:\/\/www.hashtag.al\/index.php\/wp-json\/wp\/v2\/tags?post=321704"}],"curies":[{"name":"wp","href":"https:\/\/api.w.org\/{rel}","templated":true}]}}