{"id":321567,"date":"2019-09-14T11:08:56","date_gmt":"2019-09-14T09:08:56","guid":{"rendered":"https:\/\/hashtag.al\/?p=321567"},"modified":"2019-09-14T11:10:08","modified_gmt":"2019-09-14T09:10:08","slug":"vasili-publikon-videon-e-rames-kur-jepte-medalje-per-daten-e-hapjes-se-negociatave-mbylleni-gojen-e-ikni","status":"publish","type":"post","link":"https:\/\/www.hashtag.al\/index.php\/2019\/09\/14\/vasili-publikon-videon-e-rames-kur-jepte-medalje-per-daten-e-hapjes-se-negociatave-mbylleni-gojen-e-ikni\/","title":{"rendered":"Vasili publikon videon e Ram\u00ebs kur jepte medalje p\u00ebr dat\u00ebn e hapjes s\u00eb negociatave: Mbylleni goj\u00ebn e ikni!","gt_translate_keys":[{"key":"rendered","format":"text"}]},"content":{"rendered":"<p><img loading=\"lazy\" decoding=\"async\" class=\"aligncenter size-full wp-image-321568\" src=\"https:\/\/hashtag.al\/wp-content\/uploads\/2019\/09\/Rama.jpg\" alt=\"\" width=\"1024\" height=\"464\" srcset=\"https:\/\/www.hashtag.al\/wp-content\/uploads\/2019\/09\/Rama.jpg 1024w, https:\/\/www.hashtag.al\/wp-content\/uploads\/2019\/09\/Rama-300x136.jpg 300w, https:\/\/www.hashtag.al\/wp-content\/uploads\/2019\/09\/Rama-768x348.jpg 768w\" sizes=\"auto, (max-width: 1024px) 100vw, 1024px\" \/><\/p>\n<p><span style=\"color: #000000;\">Pas takimit me Kancelaren Angela Merke n\u00eb Berlin, Kryeministri Rama tha se ajo pati vler\u00ebsime shum\u00eb pozitive p\u00ebr t\u00eb \u00e7uar p\u00ebrpara procesit t\u00eb intengrimit\u00a0drejt nj\u00eb p\u00ebrfundimi pozitiv. Por t\u00eb lexosh mes rreshtash, ai disa her\u00eb thekson dhe pranon se do t\u00eb ket\u00eb kushte.<\/span><\/p>\n<p><span style=\"color: #000000;\">Petrit Vasili ka reaguar p\u00ebrmes nj\u00eb videoje, duke ironizuar Ram\u00ebn q\u00eb sot thot\u00eb se Brukseli do t&#8217;i thot\u00eb po Shqip\u00ebris\u00eb p\u00ebr negociatat, por p\u00ebrs\u00ebri me kushte.<\/span><\/p>\n<p><span style=\"color: #000000;\">N\u00eb video Rama thot\u00eb se Shqip\u00ebria ka marr\u00eb dat\u00ebn p\u00ebr nisjen e negociatave, madje shp\u00ebrndan disa medalje nderi p\u00ebr zyrtar\u00ebt q\u00eb ndikuan n\u00eb k\u00ebt\u00eb &#8220;arritje&#8221;.<\/span><\/p>\n<p><span style=\"color: #000000;\">Sipas Vasilit, kjo ishte e nj\u00ebjta g\u00ebnjesht\u00ebr q\u00eb Rama ka p\u00ebrdorur p\u00ebr vite me radh\u00eb ndaj shprehet se ka ngelur vet\u00ebm nj\u00eb gj\u00eb p\u00ebr t&#8217;u b\u00ebr\u00eb &#8211; P\u00ebr t&#8217;i th\u00ebn\u00eb mbylle goj\u00ebn dhe ik.<\/span><\/p>\n<p><span style=\"color: #000000;\"><em>&#8220;Sot po na thon\u00eb, Rama dhe sejmen\u00ebt e tij n\u00eb politik\u00eb dhe media, q\u00eb medemek n\u00eb 18 tetor, Brukseli do t\u00eb thot\u00eb \u201cPo me kushte\u201d.<\/em><\/span><\/p>\n<p><span style=\"color: #000000;\"><em>Kjo \u00ebsht\u00eb thjesht e nj\u00ebjta g\u00ebnjesht\u00ebr e d\u00ebgjuar p\u00ebr vite me radh\u00eb. Vendimi \u00ebsht\u00eb vet\u00ebm nj\u00eb: hapja e negociatave me date t\u00eb p\u00ebrcaktuar dhe pa kushte.<\/em><\/span><\/p>\n<p><span style=\"color: #000000;\"><em>Po medaljet e ndara nj\u00eb vit m\u00eb par\u00eb nga Rama, po g\u00ebnjeshtra e Ram\u00ebs q\u00eb paskeshim marr\u00eb dat\u00ebn p\u00ebr n\u00eb qershor t\u00eb 2019-\u00ebs, pas tallazeve t\u00eb Evrop\u00ebs, ku shkuan?<\/em><\/span><\/p>\n<p><span style=\"color: #000000;\"><em>Shiheni videon miq dhe komentet e tjera s&#8217;kan\u00eb asnj\u00eb vler\u00eb. Mbetet t\u2019u themi vet\u00ebm: Mbylleni goj\u00ebn dhe ikni!!&#8221;<\/em>, shkruan Vasili krahas videos.<\/span><\/p>\n<p><span style=\"color: #000000;\">N\u00eb kremtimin e vog\u00ebl qeveritar m\u00eb 27 qershor 2018, tek Ministria e Jashtme u shp\u00ebrblyen me medalje ambasador\u00ebt si Aida Sakiqi e Holland\u00ebs dhe Dritan Tola i Franc\u00ebs, q\u00eb kishin punuar p\u00ebr hapjen e negociatave q\u00eb u promovua si &#8220;e kryer&#8221; asokohe.<\/span><\/p>\n<p><iframe loading=\"lazy\" style=\"border: none; overflow: hidden;\" src=\"https:\/\/www.facebook.com\/plugins\/video.php?href=https%3A%2F%2Fwww.facebook.com%2Fpetritvasil%2Fvideos%2F1436411929841338%2F&amp;show_text=0&amp;width=560\" width=\"560\" height=\"316\" frameborder=\"0\" scrolling=\"no\" allowfullscreen=\"allowfullscreen\"><\/iframe><\/p>\n","protected":false,"gt_translate_keys":[{"key":"rendered","format":"html"}]},"excerpt":{"rendered":"<p>Pas takimit me Kancelaren Angela Merke n\u00eb Berlin, Kryeministri Rama tha se ajo pati vler\u00ebsime shum\u00eb pozitive p\u00ebr t\u00eb \u00e7uar p\u00ebrpara procesit t\u00eb intengrimit\u00a0drejt nj\u00eb p\u00ebrfundimi pozitiv. Por t\u00eb lexosh mes rreshtash, ai disa her\u00eb thekson dhe pranon se do t\u00eb ket\u00eb kushte. Petrit Vasili ka reaguar p\u00ebrmes nj\u00eb videoje, duke ironizuar Ram\u00ebn q\u00eb sot [&hellip;]<\/p>\n","protected":false,"gt_translate_keys":[{"key":"rendered","format":"html"}]},"author":30,"featured_media":321568,"comment_status":"open","ping_status":"open","sticky":false,"template":"","format":"standard","meta":{"footnotes":""},"categories":[65,13],"tags":[],"class_list":["post-321567","post","type-post","status-publish","format-standard","has-post-thumbnail","hentry","category-lajme","category-te-fundit"],"gt_translate_keys":[{"key":"link","format":"url"}],"_links":{"self":[{"href":"https:\/\/www.hashtag.al\/index.php\/wp-json\/wp\/v2\/posts\/321567","targetHints":{"allow":["GET"]}}],"collection":[{"href":"https:\/\/www.hashtag.al\/index.php\/wp-json\/wp\/v2\/posts"}],"about":[{"href":"https:\/\/www.hashtag.al\/index.php\/wp-json\/wp\/v2\/types\/post"}],"author":[{"embeddable":true,"href":"https:\/\/www.hashtag.al\/index.php\/wp-json\/wp\/v2\/users\/30"}],"replies":[{"embeddable":true,"href":"https:\/\/www.hashtag.al\/index.php\/wp-json\/wp\/v2\/comments?post=321567"}],"version-history":[{"count":0,"href":"https:\/\/www.hashtag.al\/index.php\/wp-json\/wp\/v2\/posts\/321567\/revisions"}],"wp:featuredmedia":[{"embeddable":true,"href":"https:\/\/www.hashtag.al\/index.php\/wp-json\/wp\/v2\/media\/321568"}],"wp:attachment":[{"href":"https:\/\/www.hashtag.al\/index.php\/wp-json\/wp\/v2\/media?parent=321567"}],"wp:term":[{"taxonomy":"category","embeddable":true,"href":"https:\/\/www.hashtag.al\/index.php\/wp-json\/wp\/v2\/categories?post=321567"},{"taxonomy":"post_tag","embeddable":true,"href":"https:\/\/www.hashtag.al\/index.php\/wp-json\/wp\/v2\/tags?post=321567"}],"curies":[{"name":"wp","href":"https:\/\/api.w.org\/{rel}","templated":true}]}}