{"id":321525,"date":"2019-09-13T23:05:43","date_gmt":"2019-09-13T21:05:43","guid":{"rendered":"https:\/\/hashtag.al\/?p=321525"},"modified":"2019-09-13T23:05:43","modified_gmt":"2019-09-13T21:05:43","slug":"meta-rrefen-betejen-e-re-qe-do-nise-se-shpejti","status":"publish","type":"post","link":"https:\/\/www.hashtag.al\/index.php\/2019\/09\/13\/meta-rrefen-betejen-e-re-qe-do-nise-se-shpejti\/","title":{"rendered":"Meta rr\u00ebfen betej\u00ebn e re q\u00eb do nis\u00eb s\u00eb shpejti","gt_translate_keys":[{"key":"rendered","format":"text"}]},"content":{"rendered":"<p><img loading=\"lazy\" decoding=\"async\" class=\"aligncenter wp-image-321526 size-full\" src=\"https:\/\/hashtag.al\/wp-content\/uploads\/2019\/09\/metacimi-e1568408702275.png\" alt=\"\" width=\"662\" height=\"478\" \/><\/p>\n<p><span style=\"color: #000000;\">Presidenti Meta tha se s\u00eb shpejti krahas me at\u00eb t\u00eb zgjedhjeve t\u00eb lira e t\u00eb ndershme do nis\u00eb edhe nj\u00eb betej\u00eb tjet\u00ebr, at\u00eb t\u00eb \u00e7montimit t\u00eb shtetit t\u00eb propagand\u00ebs e t\u00eb g\u00ebnjeshtr\u00ebs q\u00eb po i merr frym\u00ebn shtetit t\u00eb s\u00eb v\u00ebrtet\u00ebs.<\/span><\/p>\n<p><span style=\"color: #000000;\"><em>\u201cBeteja \u00ebsht\u00eb t\u00eb gjith\u00eb s\u00ebbashku, me n\u00eb krye presidentin, t\u00eb \u00e7montojm\u00eb shtetin e propagand\u00ebs, sepse po i merr shpirtin shtetit t\u00eb s\u00eb drejt\u00ebs. T\u00eb \u00e7montojm\u00eb shtetin e g\u00ebnjeshtr\u00ebs, sepse po i merr shpirtin shtetit t\u00eb v\u00ebrtet\u00ebs. Situata e medieve n\u00eb Shqip\u00ebri \u00ebsht\u00eb e r\u00ebnd\u00eb, \u00ebsht\u00eb n\u00eb kapje t\u00eb tmerrshme, n\u00eb m\u00ebnyr\u00eb q\u00eb t\u00eb imponohet disinformimi, t\u00eb humbasin besimin, n\u00ebnshtrohen dhe t\u00eb pranojn\u00eb k\u00ebt\u00eb situat\u00eb si nj\u00eb fatkeq\u00ebsi q\u00eb nuk mund t\u00eb evitohet. Un\u00eb jam i bindur q\u00eb populli yn\u00eb, shum\u00eb shpejt do t\u00eb gjej\u00eb rrug\u00ebn e t\u00eb v\u00ebrtet\u00ebs dhe t\u00eb integrimit t\u00eb shpejt\u00eb drejt BE-s\u00eb.\u201d<\/em> &#8211; tha Meta.<\/span><\/p>\n","protected":false,"gt_translate_keys":[{"key":"rendered","format":"html"}]},"excerpt":{"rendered":"<p>Presidenti Meta tha se s\u00eb shpejti krahas me at\u00eb t\u00eb zgjedhjeve t\u00eb lira e t\u00eb ndershme do nis\u00eb edhe nj\u00eb betej\u00eb tjet\u00ebr, at\u00eb t\u00eb \u00e7montimit t\u00eb shtetit t\u00eb propagand\u00ebs e t\u00eb g\u00ebnjeshtr\u00ebs q\u00eb po i merr frym\u00ebn shtetit t\u00eb s\u00eb v\u00ebrtet\u00ebs. \u201cBeteja \u00ebsht\u00eb t\u00eb gjith\u00eb s\u00ebbashku, me n\u00eb krye presidentin, t\u00eb \u00e7montojm\u00eb shtetin e propagand\u00ebs, [&hellip;]<\/p>\n","protected":false,"gt_translate_keys":[{"key":"rendered","format":"html"}]},"author":51,"featured_media":321526,"comment_status":"open","ping_status":"open","sticky":false,"template":"","format":"standard","meta":{"footnotes":""},"categories":[65,13],"tags":[],"class_list":["post-321525","post","type-post","status-publish","format-standard","has-post-thumbnail","hentry","category-lajme","category-te-fundit"],"gt_translate_keys":[{"key":"link","format":"url"}],"_links":{"self":[{"href":"https:\/\/www.hashtag.al\/index.php\/wp-json\/wp\/v2\/posts\/321525","targetHints":{"allow":["GET"]}}],"collection":[{"href":"https:\/\/www.hashtag.al\/index.php\/wp-json\/wp\/v2\/posts"}],"about":[{"href":"https:\/\/www.hashtag.al\/index.php\/wp-json\/wp\/v2\/types\/post"}],"author":[{"embeddable":true,"href":"https:\/\/www.hashtag.al\/index.php\/wp-json\/wp\/v2\/users\/51"}],"replies":[{"embeddable":true,"href":"https:\/\/www.hashtag.al\/index.php\/wp-json\/wp\/v2\/comments?post=321525"}],"version-history":[{"count":0,"href":"https:\/\/www.hashtag.al\/index.php\/wp-json\/wp\/v2\/posts\/321525\/revisions"}],"wp:featuredmedia":[{"embeddable":true,"href":"https:\/\/www.hashtag.al\/index.php\/wp-json\/wp\/v2\/media\/321526"}],"wp:attachment":[{"href":"https:\/\/www.hashtag.al\/index.php\/wp-json\/wp\/v2\/media?parent=321525"}],"wp:term":[{"taxonomy":"category","embeddable":true,"href":"https:\/\/www.hashtag.al\/index.php\/wp-json\/wp\/v2\/categories?post=321525"},{"taxonomy":"post_tag","embeddable":true,"href":"https:\/\/www.hashtag.al\/index.php\/wp-json\/wp\/v2\/tags?post=321525"}],"curies":[{"name":"wp","href":"https:\/\/api.w.org\/{rel}","templated":true}]}}