{"id":321512,"date":"2019-09-13T22:01:21","date_gmt":"2019-09-13T20:01:21","guid":{"rendered":"https:\/\/hashtag.al\/?p=321512"},"modified":"2019-09-13T22:16:29","modified_gmt":"2019-09-13T20:16:29","slug":"nese-komisioni-i-venecias-gjen-se-kam-shkelur-kushtetuten-do-jap-doreheqjen-meta","status":"publish","type":"post","link":"https:\/\/www.hashtag.al\/index.php\/2019\/09\/13\/nese-komisioni-i-venecias-gjen-se-kam-shkelur-kushtetuten-do-jap-doreheqjen-meta\/","title":{"rendered":"\u201cN\u00ebse Venecia gjen se kam shkelur Kushtetut\u00ebn, dor\u00ebhiqem\u201d &#8211; Deklarata e fort\u00eb e Met\u00ebs","gt_translate_keys":[{"key":"rendered","format":"text"}]},"content":{"rendered":"<p><span style=\"color: #000000;\"><img loading=\"lazy\" decoding=\"async\" class=\"aligncenter size-full wp-image-321513\" src=\"https:\/\/hashtag.al\/wp-content\/uploads\/2019\/09\/Metapeka.png\" alt=\"\" width=\"773\" height=\"456\" \/><\/span><\/p>\n<p><span style=\"color: #000000;\">Presidenti Meta ka b\u00ebr\u00eb nj\u00eb deklarat\u00eb t\u00eb fort\u00eb mbr\u00ebmjen e sotme, kur ka pohuar se do jap\u00eb dor\u00ebheqjen n\u00ebse Komisioni i Venecias gjen se ai ka shkelur Kushtetut\u00ebn. <\/span><\/p>\n<p><span style=\"color: #000000;\">Gjat\u00eb bashk\u00ebbisedimit me gazetarin Peka n\u00eb Syri.net., kreu i shtetit tha se \u00ebsht\u00eb i bindur se nuk e ka shkelur Kushtetut\u00ebn por n\u00ebse Komisioni i Venecias e bind se ka shkelur Kushtetut\u00ebn, at\u00ebher\u00eb do dor\u00ebhiqet nga posti i presidentit.<\/span><\/p>\n<p><span style=\"color: #000000;\"><em>\u201cN\u00ebse Komisioni i Venecias thot\u00eb q\u00eb Ilir Meta e ka shkelur Kushtetut\u00ebn, t\u00eb tregoj\u00eb ku e kam shkelur si e kam shkelur do jap dor\u00ebheqjen.\u201d <\/em>&#8211; tha presidenti Meta n\u00eb bashk\u00ebbisedimin me gazetarin \u00c7im Peka n\u00eb Syri.net.<\/span><\/p>\n<p><span style=\"color: #000000;\">Presidenti Meta u tregua i ashp\u00ebr me ish-ambasadoren e BE-s\u00eb, Vlahutin dhe misionin EURALIUS lidhur me reform\u00ebn n\u00eb drejt\u00ebsi. <\/span><\/p>\n<p><span style=\"color: #000000;\">Kreu i shtetit risolli n\u00eb v\u00ebmendje mos marrjen pjes\u00eb n\u00eb mbledhjen e thirrur prej tij p\u00ebr reform\u00ebn n\u00eb drejt\u00ebsi t\u00eb misionit \u201cEURALIUS\u201d dhe ish-ambasadores s\u00eb BE-s\u00eb, Vlahutin.<\/span><\/p>\n<p><span style=\"color: #000000;\"><em>\u201cNe jemi pa Gjykat\u00eb Kushtetuese sepse Rama ka sabotuar n\u00eb vitin 2017 krijimin dhe funksionimin e KED-s\u00eb. E bllokoi kur isha kryetar kuvendi sepse nuk i p\u00eblqyen emrat. Dhe dje nj\u00eb ambasadore b\u00ebri nj\u00eb delarat\u00eb t\u00eb pap\u00ebrgjegjshme duke th\u00ebn\u00eb se nuk ka Gjykat\u00eb Kushtetuese sepse drejt\u00ebsia ishte me probleme. BE duhet t\u00eb hetoj\u00eb ambasador\u00ebt e saj k\u00ebtu dhe q\u00ebndrimin e tyre dhe institucioneve t\u00eb saj p\u00ebr reform\u00ebn nm\u00eb drejt\u00ebsi. EURALIUS nuk erdhi n\u00eb mbledhjen e thirrur prej meje duke th\u00ebn\u00eb se kishin urdh\u00ebr politik. Nuk vijm\u00eb dot se kemi urdh\u00ebr politik. Si mund t\u00eb ndodh\u00eb kjo. E hodhi Kuvendi, prap\u00eb s\u2019u p\u00eblqyen emrat, prap\u00eb e bllokuan. Ambasadorja e BE-s\u00eb e pap\u00ebrgjegjshme sepse nuk erdhi kur e thirri presidenti p\u00ebr \u00e7\u00ebshtjen m\u00eb t\u00eb r\u00ebnd\u00ebsishme q\u00eb ishte reforma n\u00eb drejt\u00ebsi. Ilir Meta \u00ebsht\u00eb me reform\u00ebn n\u00eb drejt\u00ebsi q\u00eb u miratua me 140 vota pro. E kam b\u00ebr\u00eb me amerikan\u00ebt, me europian\u00ebt dhe me forcat politike n\u00eb Shqip\u00ebri. Zbatimi i nj\u00ebansh\u00ebm \u00ebsht\u00eb i q\u00ebllimsh\u00ebm por opozita ka p\u00ebrgjegj\u00ebsin\u00eb e saj q\u00eb lejoi kapjen totale t\u00eb drejt\u00ebsis\u00eb.\u201d<\/em> &#8211; tha Meta.<\/span><\/p>\n","protected":false,"gt_translate_keys":[{"key":"rendered","format":"html"}]},"excerpt":{"rendered":"<p>Presidenti Meta ka b\u00ebr\u00eb nj\u00eb deklarat\u00eb t\u00eb fort\u00eb mbr\u00ebmjen e sotme, kur ka pohuar se do jap\u00eb dor\u00ebheqjen n\u00ebse Komisioni i Venecias gjen se ai ka shkelur Kushtetut\u00ebn. Gjat\u00eb bashk\u00ebbisedimit me gazetarin Peka n\u00eb Syri.net., kreu i shtetit tha se \u00ebsht\u00eb i bindur se nuk e ka shkelur Kushtetut\u00ebn por n\u00ebse Komisioni i Venecias e [&hellip;]<\/p>\n","protected":false,"gt_translate_keys":[{"key":"rendered","format":"html"}]},"author":51,"featured_media":321513,"comment_status":"open","ping_status":"open","sticky":false,"template":"","format":"standard","meta":{"footnotes":""},"categories":[22,65,13],"tags":[],"class_list":["post-321512","post","type-post","status-publish","format-standard","has-post-thumbnail","hentry","category-ballina","category-lajme","category-te-fundit"],"gt_translate_keys":[{"key":"link","format":"url"}],"_links":{"self":[{"href":"https:\/\/www.hashtag.al\/index.php\/wp-json\/wp\/v2\/posts\/321512","targetHints":{"allow":["GET"]}}],"collection":[{"href":"https:\/\/www.hashtag.al\/index.php\/wp-json\/wp\/v2\/posts"}],"about":[{"href":"https:\/\/www.hashtag.al\/index.php\/wp-json\/wp\/v2\/types\/post"}],"author":[{"embeddable":true,"href":"https:\/\/www.hashtag.al\/index.php\/wp-json\/wp\/v2\/users\/51"}],"replies":[{"embeddable":true,"href":"https:\/\/www.hashtag.al\/index.php\/wp-json\/wp\/v2\/comments?post=321512"}],"version-history":[{"count":0,"href":"https:\/\/www.hashtag.al\/index.php\/wp-json\/wp\/v2\/posts\/321512\/revisions"}],"wp:featuredmedia":[{"embeddable":true,"href":"https:\/\/www.hashtag.al\/index.php\/wp-json\/wp\/v2\/media\/321513"}],"wp:attachment":[{"href":"https:\/\/www.hashtag.al\/index.php\/wp-json\/wp\/v2\/media?parent=321512"}],"wp:term":[{"taxonomy":"category","embeddable":true,"href":"https:\/\/www.hashtag.al\/index.php\/wp-json\/wp\/v2\/categories?post=321512"},{"taxonomy":"post_tag","embeddable":true,"href":"https:\/\/www.hashtag.al\/index.php\/wp-json\/wp\/v2\/tags?post=321512"}],"curies":[{"name":"wp","href":"https:\/\/api.w.org\/{rel}","templated":true}]}}