{"id":321362,"date":"2019-09-12T23:44:09","date_gmt":"2019-09-12T21:44:09","guid":{"rendered":"https:\/\/hashtag.al\/?p=321362"},"modified":"2019-09-12T23:44:09","modified_gmt":"2019-09-12T21:44:09","slug":"pakistani-e-akuzon-indine-per-genocid-ne-kashmir","status":"publish","type":"post","link":"https:\/\/www.hashtag.al\/index.php\/2019\/09\/12\/pakistani-e-akuzon-indine-per-genocid-ne-kashmir\/","title":{"rendered":"Pakistani e akuzon Indin\u00eb p\u00ebr genocid n\u00eb Kashmir","gt_translate_keys":[{"key":"rendered","format":"text"}]},"content":{"rendered":"<p><img loading=\"lazy\" decoding=\"async\" class=\"aligncenter size-full wp-image-321363\" src=\"https:\/\/hashtag.al\/wp-content\/uploads\/2019\/09\/Indi.jpg\" alt=\"\" width=\"3000\" height=\"1800\" srcset=\"https:\/\/www.hashtag.al\/wp-content\/uploads\/2019\/09\/Indi.jpg 3000w, https:\/\/www.hashtag.al\/wp-content\/uploads\/2019\/09\/Indi-300x180.jpg 300w, https:\/\/www.hashtag.al\/wp-content\/uploads\/2019\/09\/Indi-768x461.jpg 768w, https:\/\/www.hashtag.al\/wp-content\/uploads\/2019\/09\/Indi-1024x614.jpg 1024w\" sizes=\"auto, (max-width: 3000px) 100vw, 3000px\" \/><\/p>\n<p><span style=\"color: #000000;\">Ministri i Jasht\u00ebm i Pakistanit, Shah Mahmood Qureshi, ka th\u00ebn\u00eb se p\u00ebrpjekjet p\u00ebr t\u00eb ndryshuar statusin me shumic\u00eb myslimane t\u00eb Kashmirit t\u00eb administruar nga India, paraqesin nj\u00eb &#8220;genocid&#8221;.<\/span><\/p>\n<p><span style=\"color: #000000;\"><em>&#8220;N\u00ebse e shnd\u00ebrroni nj\u00eb shtet me shumic\u00eb muslimane [Jammu dhe Kashmir] n\u00eb nj\u00eb shtet me pakic\u00eb myslimane, p\u00ebrmes nj\u00eb ndryshimi demografik dhe kjo \u00ebsht\u00eb nj\u00eb zon\u00eb e diskutueshme, e cila \u00ebsht\u00eb e pushtuar me forc\u00eb, kjo \u00ebsht\u00eb nj\u00eb form\u00eb e genocidit&#8221;,<\/em> tha Qureshi tha n\u00eb nj\u00eb intervist\u00eb p\u00ebr Anadolu Agency n\u00eb Gjenev\u00eb.<\/span><\/p>\n<p><span style=\"color: #000000;\">Ai ishte duke iu referuar veprimit t\u00eb qeveris\u00eb indiane n\u00eb 5 gusht, duke shfuqizuar dispozitat e posa\u00e7me t\u00eb garantuara p\u00ebr Jammu dhe Kashmir sipas kushtetut\u00ebs indiane.<\/span><\/p>\n<p><span style=\"color: #000000;\">Marr\u00ebdh\u00ebniet e prishura mes dy rival\u00ebve b\u00ebrthamor\u00eb t\u00eb Azis\u00eb s\u00eb Jugut, jan\u00eb shtuar edhe m\u00eb shum\u00eb pas l\u00ebvizjes s\u00eb Ne\u00eb Delhit p\u00ebr t\u00eb hequr statusin e posa\u00e7\u00ebm p\u00ebr shtetin Jammu dhe Kashmir, q\u00eb u vendos n\u00eb vitin 1954 dhe u hoq m\u00eb 5 gusht 2019 nga India.<\/span><\/p>\n","protected":false,"gt_translate_keys":[{"key":"rendered","format":"html"}]},"excerpt":{"rendered":"<p>Ministri i Jasht\u00ebm i Pakistanit, Shah Mahmood Qureshi, ka th\u00ebn\u00eb se p\u00ebrpjekjet p\u00ebr t\u00eb ndryshuar statusin me shumic\u00eb myslimane t\u00eb Kashmirit t\u00eb administruar nga India, paraqesin nj\u00eb &#8220;genocid&#8221;. &#8220;N\u00ebse e shnd\u00ebrroni nj\u00eb shtet me shumic\u00eb muslimane [Jammu dhe Kashmir] n\u00eb nj\u00eb shtet me pakic\u00eb myslimane, p\u00ebrmes nj\u00eb ndryshimi demografik dhe kjo \u00ebsht\u00eb nj\u00eb zon\u00eb e [&hellip;]<\/p>\n","protected":false,"gt_translate_keys":[{"key":"rendered","format":"html"}]},"author":51,"featured_media":321363,"comment_status":"open","ping_status":"open","sticky":false,"template":"","format":"standard","meta":{"footnotes":""},"categories":[6],"tags":[],"class_list":["post-321362","post","type-post","status-publish","format-standard","has-post-thumbnail","hentry","category-nderkombetare"],"gt_translate_keys":[{"key":"link","format":"url"}],"_links":{"self":[{"href":"https:\/\/www.hashtag.al\/index.php\/wp-json\/wp\/v2\/posts\/321362","targetHints":{"allow":["GET"]}}],"collection":[{"href":"https:\/\/www.hashtag.al\/index.php\/wp-json\/wp\/v2\/posts"}],"about":[{"href":"https:\/\/www.hashtag.al\/index.php\/wp-json\/wp\/v2\/types\/post"}],"author":[{"embeddable":true,"href":"https:\/\/www.hashtag.al\/index.php\/wp-json\/wp\/v2\/users\/51"}],"replies":[{"embeddable":true,"href":"https:\/\/www.hashtag.al\/index.php\/wp-json\/wp\/v2\/comments?post=321362"}],"version-history":[{"count":0,"href":"https:\/\/www.hashtag.al\/index.php\/wp-json\/wp\/v2\/posts\/321362\/revisions"}],"wp:featuredmedia":[{"embeddable":true,"href":"https:\/\/www.hashtag.al\/index.php\/wp-json\/wp\/v2\/media\/321363"}],"wp:attachment":[{"href":"https:\/\/www.hashtag.al\/index.php\/wp-json\/wp\/v2\/media?parent=321362"}],"wp:term":[{"taxonomy":"category","embeddable":true,"href":"https:\/\/www.hashtag.al\/index.php\/wp-json\/wp\/v2\/categories?post=321362"},{"taxonomy":"post_tag","embeddable":true,"href":"https:\/\/www.hashtag.al\/index.php\/wp-json\/wp\/v2\/tags?post=321362"}],"curies":[{"name":"wp","href":"https:\/\/api.w.org\/{rel}","templated":true}]}}