{"id":321107,"date":"2019-09-11T19:18:04","date_gmt":"2019-09-11T17:18:04","guid":{"rendered":"https:\/\/hashtag.al\/?p=321107"},"modified":"2019-09-11T19:10:35","modified_gmt":"2019-09-11T17:10:35","slug":"ministri-i-jashtem-cek-nxjerr-blof-presidentin-e-tij-per-kosoven","status":"publish","type":"post","link":"https:\/\/www.hashtag.al\/index.php\/2019\/09\/11\/ministri-i-jashtem-cek-nxjerr-blof-presidentin-e-tij-per-kosoven\/","title":{"rendered":"Ministri i Jasht\u00ebm \u00e7ek nxjerr blof presidentin e tij p\u00ebr Kosov\u00ebn","gt_translate_keys":[{"key":"rendered","format":"text"}]},"content":{"rendered":"<p><img loading=\"lazy\" decoding=\"async\" class=\"aligncenter size-full wp-image-321108\" src=\"https:\/\/hashtag.al\/wp-content\/uploads\/2019\/09\/Petricek11shtator.jpg\" alt=\"\" width=\"1750\" height=\"1366\" srcset=\"https:\/\/www.hashtag.al\/wp-content\/uploads\/2019\/09\/Petricek11shtator.jpg 1750w, https:\/\/www.hashtag.al\/wp-content\/uploads\/2019\/09\/Petricek11shtator-300x234.jpg 300w, https:\/\/www.hashtag.al\/wp-content\/uploads\/2019\/09\/Petricek11shtator-768x599.jpg 768w, https:\/\/www.hashtag.al\/wp-content\/uploads\/2019\/09\/Petricek11shtator-1024x799.jpg 1024w\" sizes=\"auto, (max-width: 1750px) 100vw, 1750px\" \/><\/p>\n<p><span style=\"color: #000000;\">Ministri i Jasht\u00ebm \u00e7ek, Petri\u00e7ek, ka hedhur posht\u00eb deklaratat e presidentit Zeman lidhur me t\u00ebrheqjen e njohes s\u00eb Kosov\u00ebs nga ana e Prag\u00ebs. <\/span><\/p>\n<p><span style=\"color: #000000;\">Ai tha se qeveria e vendit t\u00eb tij q\u00eb \u00ebsht\u00eb p\u00ebrgjegj\u00ebse p\u00ebr politik\u00ebn e jashtme nuk ka ndryshuar q\u00ebndrim as p\u00ebr Kosov\u00ebn as p\u00ebr vendet e tjera t\u00eb Ballkanit per\u00ebndimor.<\/span><\/p>\n<p><span style=\"color: #000000;\"><em>\u201cQeveria \u00e7eke, e cila \u00ebsht\u00eb p\u00ebrgjegj\u00ebse p\u00ebr politik\u00ebn e jashtme, nuk e ka ndryshuar q\u00ebndrimin e saj p\u00ebr Kosov\u00ebn ose ndonj\u00eb prej shteteve t\u00eb Ballkanit Per\u00ebndimor. Ne do t\u00eb vazhdojm\u00eb t\u00eb mb\u00ebshtesim dialogun mes Serbis\u00eb dhe Kosov\u00ebs dhe rrug\u00ebn e tyre drejt Bashkimit Evropian\u201d,<\/em> shkruan ministri \u00e7ek n\u00eb \u201cTwitter\u201d.<\/span><\/p>\n<p><span style=\"color: #000000;\">M\u00eb her\u00ebt, presidenti Zeman deklaroi nga Beogradi se \u00c7ekia po sheh mund\u00ebsin\u00eb e t\u00ebrheqjes s\u00eb njohes s\u00eb Kosov\u00ebs.<\/span><\/p>\n","protected":false,"gt_translate_keys":[{"key":"rendered","format":"html"}]},"excerpt":{"rendered":"<p>Ministri i Jasht\u00ebm \u00e7ek, Petri\u00e7ek, ka hedhur posht\u00eb deklaratat e presidentit Zeman lidhur me t\u00ebrheqjen e njohes s\u00eb Kosov\u00ebs nga ana e Prag\u00ebs. Ai tha se qeveria e vendit t\u00eb tij q\u00eb \u00ebsht\u00eb p\u00ebrgjegj\u00ebse p\u00ebr politik\u00ebn e jashtme nuk ka ndryshuar q\u00ebndrim as p\u00ebr Kosov\u00ebn as p\u00ebr vendet e tjera t\u00eb Ballkanit per\u00ebndimor. \u201cQeveria \u00e7eke, [&hellip;]<\/p>\n","protected":false,"gt_translate_keys":[{"key":"rendered","format":"html"}]},"author":51,"featured_media":321108,"comment_status":"open","ping_status":"open","sticky":false,"template":"","format":"standard","meta":{"footnotes":""},"categories":[149,6],"tags":[],"class_list":["post-321107","post","type-post","status-publish","format-standard","has-post-thumbnail","hentry","category-kosoverajon","category-nderkombetare"],"gt_translate_keys":[{"key":"link","format":"url"}],"_links":{"self":[{"href":"https:\/\/www.hashtag.al\/index.php\/wp-json\/wp\/v2\/posts\/321107","targetHints":{"allow":["GET"]}}],"collection":[{"href":"https:\/\/www.hashtag.al\/index.php\/wp-json\/wp\/v2\/posts"}],"about":[{"href":"https:\/\/www.hashtag.al\/index.php\/wp-json\/wp\/v2\/types\/post"}],"author":[{"embeddable":true,"href":"https:\/\/www.hashtag.al\/index.php\/wp-json\/wp\/v2\/users\/51"}],"replies":[{"embeddable":true,"href":"https:\/\/www.hashtag.al\/index.php\/wp-json\/wp\/v2\/comments?post=321107"}],"version-history":[{"count":0,"href":"https:\/\/www.hashtag.al\/index.php\/wp-json\/wp\/v2\/posts\/321107\/revisions"}],"wp:featuredmedia":[{"embeddable":true,"href":"https:\/\/www.hashtag.al\/index.php\/wp-json\/wp\/v2\/media\/321108"}],"wp:attachment":[{"href":"https:\/\/www.hashtag.al\/index.php\/wp-json\/wp\/v2\/media?parent=321107"}],"wp:term":[{"taxonomy":"category","embeddable":true,"href":"https:\/\/www.hashtag.al\/index.php\/wp-json\/wp\/v2\/categories?post=321107"},{"taxonomy":"post_tag","embeddable":true,"href":"https:\/\/www.hashtag.al\/index.php\/wp-json\/wp\/v2\/tags?post=321107"}],"curies":[{"name":"wp","href":"https:\/\/api.w.org\/{rel}","templated":true}]}}