{"id":321078,"date":"2019-09-11T16:35:53","date_gmt":"2019-09-11T14:35:53","guid":{"rendered":"https:\/\/hashtag.al\/?p=321078"},"modified":"2019-09-11T16:35:53","modified_gmt":"2019-09-11T14:35:53","slug":"zaganjori-u-largua-pas-vendimit-te-vettingut-klgj-shpall-vendin-vakant","status":"publish","type":"post","link":"https:\/\/www.hashtag.al\/index.php\/2019\/09\/11\/zaganjori-u-largua-pas-vendimit-te-vettingut-klgj-shpall-vendin-vakant\/","title":{"rendered":"Zaganjori u largua pas vendimit t\u00eb Vettingut, KLGJ shpall vendin vakant","gt_translate_keys":[{"key":"rendered","format":"text"}]},"content":{"rendered":"<p><img loading=\"lazy\" decoding=\"async\" class=\"aligncenter size-full wp-image-321041\" src=\"https:\/\/hashtag.al\/wp-content\/uploads\/2019\/09\/KLGJ.jpg\" alt=\"\" width=\"687\" height=\"415\" srcset=\"https:\/\/www.hashtag.al\/wp-content\/uploads\/2019\/09\/KLGJ.jpg 687w, https:\/\/www.hashtag.al\/wp-content\/uploads\/2019\/09\/KLGJ-300x181.jpg 300w\" sizes=\"auto, (max-width: 687px) 100vw, 687px\" \/><\/p>\n<p>K\u00ebshilli i Lart\u00eb Gjyq\u00ebsor ka hapur gar\u00ebn p\u00ebr vendin e kat\u00ebrt vakant t\u00eb hapur pas largimit t\u00eb Kreut t\u00eb Gjykat\u00ebs s\u00eb Lart\u00eb Xhezair Zaganjori.<\/p>\n<p>Zaganjori u largua nga Gjykata e Lart\u00eb pas rivler\u00ebsimit n\u00eb Komisionit t\u00eb Pavarur t\u00eb Apelimit.<\/p>\n<p>Edhe ky pozicion \u00ebsht\u00eb p\u00ebr kandidat\u00eb jasht\u00eb sistemit gjyq\u00ebsor pasi edhe Zaganjori ishte em\u00ebruar jasht\u00eb sistemit.<\/p>\n","protected":false,"gt_translate_keys":[{"key":"rendered","format":"html"}]},"excerpt":{"rendered":"<p>K\u00ebshilli i Lart\u00eb Gjyq\u00ebsor ka hapur gar\u00ebn p\u00ebr vendin e kat\u00ebrt vakant t\u00eb hapur pas largimit t\u00eb Kreut t\u00eb Gjykat\u00ebs s\u00eb Lart\u00eb Xhezair Zaganjori. Zaganjori u largua nga Gjykata e Lart\u00eb pas rivler\u00ebsimit n\u00eb Komisionit t\u00eb Pavarur t\u00eb Apelimit. Edhe ky pozicion \u00ebsht\u00eb p\u00ebr kandidat\u00eb jasht\u00eb sistemit gjyq\u00ebsor pasi edhe Zaganjori ishte em\u00ebruar jasht\u00eb sistemit.<\/p>\n","protected":false,"gt_translate_keys":[{"key":"rendered","format":"html"}]},"author":32,"featured_media":321041,"comment_status":"open","ping_status":"open","sticky":false,"template":"","format":"standard","meta":{"footnotes":""},"categories":[65,13],"tags":[],"class_list":["post-321078","post","type-post","status-publish","format-standard","has-post-thumbnail","hentry","category-lajme","category-te-fundit"],"gt_translate_keys":[{"key":"link","format":"url"}],"_links":{"self":[{"href":"https:\/\/www.hashtag.al\/index.php\/wp-json\/wp\/v2\/posts\/321078","targetHints":{"allow":["GET"]}}],"collection":[{"href":"https:\/\/www.hashtag.al\/index.php\/wp-json\/wp\/v2\/posts"}],"about":[{"href":"https:\/\/www.hashtag.al\/index.php\/wp-json\/wp\/v2\/types\/post"}],"author":[{"embeddable":true,"href":"https:\/\/www.hashtag.al\/index.php\/wp-json\/wp\/v2\/users\/32"}],"replies":[{"embeddable":true,"href":"https:\/\/www.hashtag.al\/index.php\/wp-json\/wp\/v2\/comments?post=321078"}],"version-history":[{"count":0,"href":"https:\/\/www.hashtag.al\/index.php\/wp-json\/wp\/v2\/posts\/321078\/revisions"}],"wp:featuredmedia":[{"embeddable":true,"href":"https:\/\/www.hashtag.al\/index.php\/wp-json\/wp\/v2\/media\/321041"}],"wp:attachment":[{"href":"https:\/\/www.hashtag.al\/index.php\/wp-json\/wp\/v2\/media?parent=321078"}],"wp:term":[{"taxonomy":"category","embeddable":true,"href":"https:\/\/www.hashtag.al\/index.php\/wp-json\/wp\/v2\/categories?post=321078"},{"taxonomy":"post_tag","embeddable":true,"href":"https:\/\/www.hashtag.al\/index.php\/wp-json\/wp\/v2\/tags?post=321078"}],"curies":[{"name":"wp","href":"https:\/\/api.w.org\/{rel}","templated":true}]}}