{"id":320977,"date":"2019-09-11T08:37:26","date_gmt":"2019-09-11T06:37:26","guid":{"rendered":"https:\/\/hashtag.al\/?p=320977"},"modified":"2019-09-11T08:37:26","modified_gmt":"2019-09-11T06:37:26","slug":"papa-francesku-per-kritiket-me-kane-goditur-me-thike-pas-shpine","status":"publish","type":"post","link":"https:\/\/www.hashtag.al\/index.php\/2019\/09\/11\/papa-francesku-per-kritiket-me-kane-goditur-me-thike-pas-shpine\/","title":{"rendered":"Papa Fran\u00e7esku p\u00ebr kritik\u00ebt: M\u00eb kan\u00eb goditur me thik\u00eb pas shpine","gt_translate_keys":[{"key":"rendered","format":"text"}]},"content":{"rendered":"<p><img loading=\"lazy\" decoding=\"async\" class=\"aligncenter size-full wp-image-320978\" src=\"https:\/\/hashtag.al\/wp-content\/uploads\/2019\/09\/108741033_tv056407952.jpg\" alt=\"\" width=\"660\" height=\"371\" srcset=\"https:\/\/www.hashtag.al\/wp-content\/uploads\/2019\/09\/108741033_tv056407952.jpg 660w, https:\/\/www.hashtag.al\/wp-content\/uploads\/2019\/09\/108741033_tv056407952-300x169.jpg 300w\" sizes=\"auto, (max-width: 660px) 100vw, 660px\" \/><\/p>\n<p><span style=\"color: #000000;\">Papa Fran\u00e7esku ka akuzuar kritik\u00ebt e tij se e kan\u00eb goditur me \u201cthik\u00eb pas shpine\u201d dhe se ai nuk ka frik\u00eb nga nj\u00eb tjet\u00ebr ndarje e Kish\u00ebs Katolike.<\/span><\/p>\n<p><span style=\"color: #000000;\">Duke folur pas nj\u00eb udh\u00ebtimi n\u00eb Afrik\u00eb, Papa foli p\u00ebr klerik\u00ebt konservator\u00eb q\u00eb e kan\u00eb kritikuar at\u00eb.<\/span><\/p>\n<p><span style=\"color: #000000;\">Ata burra nuk &#8220;duan t\u00eb mir\u00ebn e Kish\u00ebs&#8221;, por kujdesen vet\u00ebm p\u00ebr &#8220;ndryshimin e pap\u00ebve, ndryshimin e stileve, krijimin e nj\u00eb skizmi&#8221;, tha ai sipas &#8220;<span style=\"color: #0000ff;\"><a style=\"color: #0000ff;\" href=\"https:\/\/www.bbc.com\/news\/world-europe-49653419\">BBC<\/a><\/span>&#8220;.<\/span><\/p>\n<p><img loading=\"lazy\" decoding=\"async\" class=\"aligncenter size-full wp-image-320979\" src=\"https:\/\/hashtag.al\/wp-content\/uploads\/2019\/09\/afrike-papa.jpg\" alt=\"\" width=\"624\" height=\"351\" srcset=\"https:\/\/www.hashtag.al\/wp-content\/uploads\/2019\/09\/afrike-papa.jpg 624w, https:\/\/www.hashtag.al\/wp-content\/uploads\/2019\/09\/afrike-papa-300x169.jpg 300w\" sizes=\"auto, (max-width: 624px) 100vw, 624px\" \/><\/p>\n<p><span style=\"color: #000000;\">Udh\u00ebheq\u00ebsit katolik\u00eb amerikan\u00eb e kan\u00eb sulmuar Pap\u00ebn n\u00eb t\u00eb kaluar\u00ebn p\u00ebr pik\u00ebpamjet e tij. Kjo \u00ebsht\u00eb hera e par\u00eb q\u00eb ai ka folur kaq hapur p\u00ebr mund\u00ebsin\u00eb e nj\u00eb ndarjeje n\u00eb Kish\u00ebn Katolike, e cila ka m\u00eb shum\u00eb se nj\u00eb miliard ndjek\u00ebs n\u00eb t\u00eb gjith\u00eb bot\u00ebn.<\/span><\/p>\n<p><span style=\"color: #000000;\">Papa Fran\u00e7esku i b\u00ebri komentet e tij gjat\u00eb kthimit p\u00ebr n\u00eb Rom\u00eb pas nj\u00eb udh\u00ebtimi n\u00eb Madagaskar, Mauritius dhe Mozambik.<\/span><\/p>\n<p><span style=\"color: #000000;\">Ai u pyet nga nj\u00eb reporter n\u00eb lidhje me sulmet nga drejtuesit konservator\u00eb katolik\u00eb, kanalet televizive dhe faqet e internetit n\u00eb SHBA.<\/span><\/p>\n<p><span style=\"color: #000000;\">Disa udh\u00ebheq\u00ebs katolik\u00eb &#8211; ve\u00e7an\u00ebrisht n\u00eb SHBA por edhe disa t\u00eb tjer\u00eb n\u00eb t\u00eb gjith\u00eb bot\u00ebn &#8211; e kan\u00eb akuzuar Pap\u00ebn p\u00ebr dob\u00ebsimin e besimit t\u00eb tyre, madje kan\u00eb b\u00ebr\u00eb thirrje p\u00ebr dor\u00ebheqjen e tij.<\/span><\/p>\n<p><span style=\"color: #000000;\">Ata nuk jan\u00eb t\u00eb k\u00ebnaqur me q\u00ebndrimet e Pap\u00ebs p\u00ebr mjedisin dhe imigracionin. Por n\u00eb ve\u00e7anti ata jan\u00eb kund\u00ebr l\u00ebvizjeve t\u00eb tij p\u00ebr t\u00eb lejuar katolik\u00ebt e divorcuar t\u00eb cil\u00ebt jan\u00eb rimartuar, p\u00ebr t\u00eb marr\u00eb kungimin.<\/span><\/p>\n<p><span style=\"color: #000000;\">N\u00eb historin\u00eb e saj 2000-vje\u00e7are, Kisha Katolike \u00ebsht\u00eb ndar\u00eb disa her\u00eb, ve\u00e7an\u00ebrisht n\u00eb vitin 1054, kur Kisha Ortodokse Lindore u nda nga Roma.<\/span><\/p>\n<p><img loading=\"lazy\" decoding=\"async\" class=\"aligncenter size-full wp-image-320980\" src=\"https:\/\/hashtag.al\/wp-content\/uploads\/2019\/09\/papa-ne-madagaskar.jpg\" alt=\"\" width=\"624\" height=\"351\" srcset=\"https:\/\/www.hashtag.al\/wp-content\/uploads\/2019\/09\/papa-ne-madagaskar.jpg 624w, https:\/\/www.hashtag.al\/wp-content\/uploads\/2019\/09\/papa-ne-madagaskar-300x169.jpg 300w\" sizes=\"auto, (max-width: 624px) 100vw, 624px\" \/><\/p>\n<p><span style=\"color: #000000;\">Ndarje t\u00eb tjera kan\u00eb \u00e7uar n\u00eb ngritjen e antipap\u00ebve &#8211; burra t\u00eb tjer\u00eb q\u00eb pretendojn\u00eb t\u00eb jen\u00eb Papa dhe nuk pranojn\u00eb t\u00eb p\u00ebrkulen para Rom\u00ebs. Antipapa Benedikti XIII i dha Universitetit t\u00eb Sh\u00ebn Andre\u00ebsit n\u00eb Skoci statusin e tij universitar n\u00eb 1413.<\/span><\/p>\n<p><span style=\"color: #000000;\">Arqipeshkvi francez Marcel Lefebvre shuguroi kat\u00ebr peshkop\u00eb pa miratimin e Pap\u00ebs n\u00eb 1988.<\/span><\/p>\n","protected":false,"gt_translate_keys":[{"key":"rendered","format":"html"}]},"excerpt":{"rendered":"<p>Papa Fran\u00e7esku ka akuzuar kritik\u00ebt e tij se e kan\u00eb goditur me \u201cthik\u00eb pas shpine\u201d dhe se ai nuk ka frik\u00eb nga nj\u00eb tjet\u00ebr ndarje e Kish\u00ebs Katolike. Duke folur pas nj\u00eb udh\u00ebtimi n\u00eb Afrik\u00eb, Papa foli p\u00ebr klerik\u00ebt konservator\u00eb q\u00eb e kan\u00eb kritikuar at\u00eb. Ata burra nuk &#8220;duan t\u00eb mir\u00ebn e Kish\u00ebs&#8221;, por kujdesen [&hellip;]<\/p>\n","protected":false,"gt_translate_keys":[{"key":"rendered","format":"html"}]},"author":30,"featured_media":320980,"comment_status":"open","ping_status":"open","sticky":false,"template":"","format":"standard","meta":{"footnotes":""},"categories":[6],"tags":[],"class_list":["post-320977","post","type-post","status-publish","format-standard","has-post-thumbnail","hentry","category-nderkombetare"],"gt_translate_keys":[{"key":"link","format":"url"}],"_links":{"self":[{"href":"https:\/\/www.hashtag.al\/index.php\/wp-json\/wp\/v2\/posts\/320977","targetHints":{"allow":["GET"]}}],"collection":[{"href":"https:\/\/www.hashtag.al\/index.php\/wp-json\/wp\/v2\/posts"}],"about":[{"href":"https:\/\/www.hashtag.al\/index.php\/wp-json\/wp\/v2\/types\/post"}],"author":[{"embeddable":true,"href":"https:\/\/www.hashtag.al\/index.php\/wp-json\/wp\/v2\/users\/30"}],"replies":[{"embeddable":true,"href":"https:\/\/www.hashtag.al\/index.php\/wp-json\/wp\/v2\/comments?post=320977"}],"version-history":[{"count":0,"href":"https:\/\/www.hashtag.al\/index.php\/wp-json\/wp\/v2\/posts\/320977\/revisions"}],"wp:featuredmedia":[{"embeddable":true,"href":"https:\/\/www.hashtag.al\/index.php\/wp-json\/wp\/v2\/media\/320980"}],"wp:attachment":[{"href":"https:\/\/www.hashtag.al\/index.php\/wp-json\/wp\/v2\/media?parent=320977"}],"wp:term":[{"taxonomy":"category","embeddable":true,"href":"https:\/\/www.hashtag.al\/index.php\/wp-json\/wp\/v2\/categories?post=320977"},{"taxonomy":"post_tag","embeddable":true,"href":"https:\/\/www.hashtag.al\/index.php\/wp-json\/wp\/v2\/tags?post=320977"}],"curies":[{"name":"wp","href":"https:\/\/api.w.org\/{rel}","templated":true}]}}