{"id":320846,"date":"2019-09-10T14:24:24","date_gmt":"2019-09-10T12:24:24","guid":{"rendered":"https:\/\/hashtag.al\/?p=320846"},"modified":"2019-09-10T14:24:24","modified_gmt":"2019-09-10T12:24:24","slug":"meta-takon-perfaqesuesit-e-komisionit-te-venecias-nese-do-kishim-respektuar-rekomandimet-ne-te-kaluaren-nuk-do-ishim-ne-kete-situate","status":"publish","type":"post","link":"https:\/\/www.hashtag.al\/index.php\/2019\/09\/10\/meta-takon-perfaqesuesit-e-komisionit-te-venecias-nese-do-kishim-respektuar-rekomandimet-ne-te-kaluaren-nuk-do-ishim-ne-kete-situate\/","title":{"rendered":"Meta takon p\u00ebrfaq\u00ebsuesit e Komisionit t\u00eb Venecias: N\u00ebse do kishim respektuar rekomandimet n\u00eb t\u00eb kaluar\u00ebn nuk do ishim n\u00eb k\u00ebt\u00eb situat\u00eb","gt_translate_keys":[{"key":"rendered","format":"text"}]},"content":{"rendered":"<p><span style=\"color: #000000;\"><img loading=\"lazy\" decoding=\"async\" class=\"aligncenter size-full wp-image-320847\" src=\"https:\/\/hashtag.al\/wp-content\/uploads\/2019\/09\/WhatsApp-Image-2019-09-10-at-12.48.31-1-727x450.jpeg\" alt=\"\" width=\"727\" height=\"450\" srcset=\"https:\/\/www.hashtag.al\/wp-content\/uploads\/2019\/09\/WhatsApp-Image-2019-09-10-at-12.48.31-1-727x450.jpeg 727w, https:\/\/www.hashtag.al\/wp-content\/uploads\/2019\/09\/WhatsApp-Image-2019-09-10-at-12.48.31-1-727x450-300x186.jpeg 300w\" sizes=\"auto, (max-width: 727px) 100vw, 727px\" \/><\/span><\/p>\n<p><span style=\"color: #000000;\">Kreu i Shtetit Ilir Meta ka njoftuar takimin me p\u00ebrfaq\u00ebsuesit e Komisionit t\u00eb Venecias.<\/span><\/p>\n<p><span style=\"color: #000000;\">N\u00ebp\u00ebrmjet nj\u00eb postimi n\u00eb T\u00ebitter, Presidenti shkruan se n\u00ebse do t\u00eb ishin respektuar rekomandimet e Komisionit t\u00eb\u00a0 Venecias n\u00eb t\u00eb kaluar\u00ebn tashm\u00eb nuk do ishim n\u00eb k\u00ebt\u00eb situat\u00eb.<\/span><\/p>\n<p><span style=\"color: #000000;\">\u201cK\u00ebnaq\u00ebsi t\u00eb prisja sot nj\u00eb p\u00ebrfaq\u00ebsi t\u00eb Komisionit t\u00eb Venecias. N\u00ebse do ishin respektuar rekomandimet e tyre n\u00eb t\u00eb kaluar\u00ebn, Shqip\u00ebria kurr\u00eb nuk do t\u00eb ishte n\u00eb k\u00ebt\u00eb situat\u00eb.\u201d shkruan Meta.<\/span><\/p>\n","protected":false,"gt_translate_keys":[{"key":"rendered","format":"html"}]},"excerpt":{"rendered":"<p>Kreu i Shtetit Ilir Meta ka njoftuar takimin me p\u00ebrfaq\u00ebsuesit e Komisionit t\u00eb Venecias. N\u00ebp\u00ebrmjet nj\u00eb postimi n\u00eb T\u00ebitter, Presidenti shkruan se n\u00ebse do t\u00eb ishin respektuar rekomandimet e Komisionit t\u00eb\u00a0 Venecias n\u00eb t\u00eb kaluar\u00ebn tashm\u00eb nuk do ishim n\u00eb k\u00ebt\u00eb situat\u00eb. \u201cK\u00ebnaq\u00ebsi t\u00eb prisja sot nj\u00eb p\u00ebrfaq\u00ebsi t\u00eb Komisionit t\u00eb Venecias. N\u00ebse do ishin [&hellip;]<\/p>\n","protected":false,"gt_translate_keys":[{"key":"rendered","format":"html"}]},"author":32,"featured_media":320847,"comment_status":"open","ping_status":"open","sticky":false,"template":"","format":"standard","meta":{"footnotes":""},"categories":[65,13],"tags":[],"class_list":["post-320846","post","type-post","status-publish","format-standard","has-post-thumbnail","hentry","category-lajme","category-te-fundit"],"gt_translate_keys":[{"key":"link","format":"url"}],"_links":{"self":[{"href":"https:\/\/www.hashtag.al\/index.php\/wp-json\/wp\/v2\/posts\/320846","targetHints":{"allow":["GET"]}}],"collection":[{"href":"https:\/\/www.hashtag.al\/index.php\/wp-json\/wp\/v2\/posts"}],"about":[{"href":"https:\/\/www.hashtag.al\/index.php\/wp-json\/wp\/v2\/types\/post"}],"author":[{"embeddable":true,"href":"https:\/\/www.hashtag.al\/index.php\/wp-json\/wp\/v2\/users\/32"}],"replies":[{"embeddable":true,"href":"https:\/\/www.hashtag.al\/index.php\/wp-json\/wp\/v2\/comments?post=320846"}],"version-history":[{"count":0,"href":"https:\/\/www.hashtag.al\/index.php\/wp-json\/wp\/v2\/posts\/320846\/revisions"}],"wp:featuredmedia":[{"embeddable":true,"href":"https:\/\/www.hashtag.al\/index.php\/wp-json\/wp\/v2\/media\/320847"}],"wp:attachment":[{"href":"https:\/\/www.hashtag.al\/index.php\/wp-json\/wp\/v2\/media?parent=320846"}],"wp:term":[{"taxonomy":"category","embeddable":true,"href":"https:\/\/www.hashtag.al\/index.php\/wp-json\/wp\/v2\/categories?post=320846"},{"taxonomy":"post_tag","embeddable":true,"href":"https:\/\/www.hashtag.al\/index.php\/wp-json\/wp\/v2\/tags?post=320846"}],"curies":[{"name":"wp","href":"https:\/\/api.w.org\/{rel}","templated":true}]}}