{"id":320347,"date":"2019-09-07T17:59:29","date_gmt":"2019-09-07T15:59:29","guid":{"rendered":"https:\/\/hashtag.al\/?p=320347"},"modified":"2019-09-07T17:59:29","modified_gmt":"2019-09-07T15:59:29","slug":"si-sorollaten-130-pasagjere-ne-rinas-berisha-publikon-incizimin-e-qytetarit","status":"publish","type":"post","link":"https:\/\/www.hashtag.al\/index.php\/2019\/09\/07\/si-sorollaten-130-pasagjere-ne-rinas-berisha-publikon-incizimin-e-qytetarit\/","title":{"rendered":"Si sorollaten 130 pasagjer\u00eb n\u00eb Rinas, Berisha publikon in\u00e7izimin e qytetarit","gt_translate_keys":[{"key":"rendered","format":"text"}]},"content":{"rendered":"<p><img loading=\"lazy\" decoding=\"async\" class=\"aligncenter size-full wp-image-320348\" src=\"https:\/\/hashtag.al\/wp-content\/uploads\/2019\/09\/avionit.jpg\" alt=\"\" width=\"1021\" height=\"694\" srcset=\"https:\/\/www.hashtag.al\/wp-content\/uploads\/2019\/09\/avionit.jpg 1021w, https:\/\/www.hashtag.al\/wp-content\/uploads\/2019\/09\/avionit-300x204.jpg 300w, https:\/\/www.hashtag.al\/wp-content\/uploads\/2019\/09\/avionit-768x522.jpg 768w\" sizes=\"auto, (max-width: 1021px) 100vw, 1021px\" \/><\/p>\n<p><span style=\"color: #000000;\">Ish-kryeministri Sali Berisha ka publikuar denoncimin e nj\u00eb qytetari, i cili ka mbetur p\u00ebr or\u00eb t\u00eb t\u00ebra n\u00eb pritje n\u00eb aeroportin e Rinasit, p\u00ebr t\u00eb m\u00ebsuar se fluturimi i tij \u00ebsht\u00eb anuluar dhe ai duhet t\u00eb kthehet s\u00ebrish pas nj\u00eb apo dy dit\u00ebsh p\u00ebr udh\u00ebtimin.<\/span><\/p>\n<p><em><span style=\"color: #000000;\">&#8220;Ky eshte sherbimi ndaj pasagjereve ne aeroportin Nene Tereza, Rinas!<\/span><\/em><\/p>\n<p><span style=\"color: #000000;\"><em>Lexoni mesazhin dhe degjoni videon e pasagjerit dixhital.&#8221;<\/em>, komenton Berisha.<\/span><\/p>\n<p><span style=\"color: #000000;\">Qytetari e ka incizuar gjith\u00eb bised\u00ebn me punonj\u00ebsit e aeroportit, t\u00eb cil\u00ebt i thon\u00eb: <em>&#8220;Sot \u00ebsht\u00eb e pamundur, hajde nes\u00ebr apo pasnes\u00ebr&#8221;<\/em>, nd\u00ebrkoh\u00eb q\u00eb bileta ishte p\u00ebr at\u00eb dit\u00eb.<\/span><\/p>\n<p><span style=\"color: #000000;\">Emigranti kishte p\u00ebr t\u00eb shkuar s\u00ebbashku me familjen n\u00eb Mynih, n\u00eb Gjermani, n\u00eb or\u00ebn 18:00 t\u00eb dat\u00ebs 4 shtator. Por autoritetet e aeroportit nuk i kishin dh\u00ebn\u00eb sqarime p\u00ebr vones\u00ebn deri n\u00eb or\u00ebn 22:00, edhe pse ishin mbi 130 pasagjer\u00eb n\u00eb pritje.<\/span><\/p>\n<p><em><span style=\"color: #000000;\">&#8220;P\u00ebrshendetje Doktor,<\/span><\/em><\/p>\n<p><span style=\"color: #000000;\"><em>Un q\u00eb po ju shkruaj jam nj\u00eb Emigrant si t\u00eb gjith qytetar\u00ebt e tjer\u00ebt q\u00eb kemi marr \u00eb rrugat e bot\u00ebs p\u00ebr mbi jetes. Arsyja pse po ju shkruaj \u00ebsht\u00eb s\u00eb dje me dat\u00eb 04.09.2019 kisha fluturimin nga Tirana p\u00ebr Munich me kompanin Ajrore Adria Air\u00ebays fluturimi ishte n\u00eb or\u00ebn 18:30 mbasdite ishte te porta nr 6 n\u00eb Rina q\u00eb n\u00eb Or\u00ebn 17:30 pak m\u00eb von shohim n\u00eb ekran shtyrje t\u00eb orarit pyesnim nuk nuk na jepte shpjegim as njeri nga Ora 18:30 deri n\u00eb n\u00eb Or\u00ebn 22:00 nuk na dha njeri as nj\u00eb lloj shpjegimi n\u00eb or\u00ebn 22:00 na than u anullua fluturimi mbi 130 pasagjer ishim. Sjellja e punosbe t\u00eb kompanis nj\u00eb sjellje injorante dhe arrogante e pa par po ashtu dhe e punojsve t\u00eb ajroportit. Diku na ora 23:00 vajta n\u00eb komisarjatin e Rinasit p\u00ebr t\u00eb b\u00ebr Denoncim p\u00ebr punojsit e kompani t\u00eb cilit i kisha filmuar me Telefonin tim polic\u00ebt e komisarjatit t\u00eb Rinasit as nuk m\u00eb fut\u00ebn brenda fare me than nuk mbajm denoncim shko neser ne gjykat\u00ebn dministrative n\u00eb Laprak. Isha veti 3 me familje me fmi e gjith katrahuara \u00ebsht\u00eb e filmuar po ashtu dhe koha kur un kam q\u00ebn n\u00eb Komisarjat n\u00eb Rinas&#8221;<\/em>, thuhet n\u00eb mesazhin e qytetarit.<\/span><\/p>\n<p><iframe loading=\"lazy\" style=\"border: none; overflow: hidden;\" src=\"https:\/\/www.facebook.com\/plugins\/video.php?href=https%3A%2F%2Fwww.facebook.com%2FSaliBerisha%2Fvideos%2F1152388194953509%2F&amp;show_text=0&amp;width=267\" width=\"267\" height=\"476\" frameborder=\"0\" scrolling=\"no\" allowfullscreen=\"allowfullscreen\"><\/iframe><\/p>\n","protected":false,"gt_translate_keys":[{"key":"rendered","format":"html"}]},"excerpt":{"rendered":"<p>Ish-kryeministri Sali Berisha ka publikuar denoncimin e nj\u00eb qytetari, i cili ka mbetur p\u00ebr or\u00eb t\u00eb t\u00ebra n\u00eb pritje n\u00eb aeroportin e Rinasit, p\u00ebr t\u00eb m\u00ebsuar se fluturimi i tij \u00ebsht\u00eb anuluar dhe ai duhet t\u00eb kthehet s\u00ebrish pas nj\u00eb apo dy dit\u00ebsh p\u00ebr udh\u00ebtimin. &#8220;Ky eshte sherbimi ndaj pasagjereve ne aeroportin Nene Tereza, Rinas! [&hellip;]<\/p>\n","protected":false,"gt_translate_keys":[{"key":"rendered","format":"html"}]},"author":30,"featured_media":320348,"comment_status":"open","ping_status":"open","sticky":false,"template":"","format":"standard","meta":{"footnotes":""},"categories":[6],"tags":[],"class_list":["post-320347","post","type-post","status-publish","format-standard","has-post-thumbnail","hentry","category-nderkombetare"],"gt_translate_keys":[{"key":"link","format":"url"}],"_links":{"self":[{"href":"https:\/\/www.hashtag.al\/index.php\/wp-json\/wp\/v2\/posts\/320347","targetHints":{"allow":["GET"]}}],"collection":[{"href":"https:\/\/www.hashtag.al\/index.php\/wp-json\/wp\/v2\/posts"}],"about":[{"href":"https:\/\/www.hashtag.al\/index.php\/wp-json\/wp\/v2\/types\/post"}],"author":[{"embeddable":true,"href":"https:\/\/www.hashtag.al\/index.php\/wp-json\/wp\/v2\/users\/30"}],"replies":[{"embeddable":true,"href":"https:\/\/www.hashtag.al\/index.php\/wp-json\/wp\/v2\/comments?post=320347"}],"version-history":[{"count":0,"href":"https:\/\/www.hashtag.al\/index.php\/wp-json\/wp\/v2\/posts\/320347\/revisions"}],"wp:featuredmedia":[{"embeddable":true,"href":"https:\/\/www.hashtag.al\/index.php\/wp-json\/wp\/v2\/media\/320348"}],"wp:attachment":[{"href":"https:\/\/www.hashtag.al\/index.php\/wp-json\/wp\/v2\/media?parent=320347"}],"wp:term":[{"taxonomy":"category","embeddable":true,"href":"https:\/\/www.hashtag.al\/index.php\/wp-json\/wp\/v2\/categories?post=320347"},{"taxonomy":"post_tag","embeddable":true,"href":"https:\/\/www.hashtag.al\/index.php\/wp-json\/wp\/v2\/tags?post=320347"}],"curies":[{"name":"wp","href":"https:\/\/api.w.org\/{rel}","templated":true}]}}