{"id":320157,"date":"2019-09-06T16:42:16","date_gmt":"2019-09-06T14:42:16","guid":{"rendered":"https:\/\/hashtag.al\/?p=320157"},"modified":"2019-09-06T16:42:16","modified_gmt":"2019-09-06T14:42:16","slug":"kosova-e-gatshme-per-falje-e-pajtim-dialogu-me-serbine-te-nise-pa-kushte-haradinaj","status":"publish","type":"post","link":"https:\/\/www.hashtag.al\/index.php\/2019\/09\/06\/kosova-e-gatshme-per-falje-e-pajtim-dialogu-me-serbine-te-nise-pa-kushte-haradinaj\/","title":{"rendered":"&#8220;Kosova e gatshme p\u00ebr falje e pajtim, dialogu me Serbin\u00eb t\u00eb nis\u00eb pa kushte&#8221; &#8211; Haradinaj","gt_translate_keys":[{"key":"rendered","format":"text"}]},"content":{"rendered":"<p><img loading=\"lazy\" decoding=\"async\" class=\"aligncenter size-full wp-image-320158\" src=\"https:\/\/hashtag.al\/wp-content\/uploads\/2019\/09\/ramushkosova.jpg\" alt=\"\" width=\"640\" height=\"360\" srcset=\"https:\/\/www.hashtag.al\/wp-content\/uploads\/2019\/09\/ramushkosova.jpg 640w, https:\/\/www.hashtag.al\/wp-content\/uploads\/2019\/09\/ramushkosova-300x169.jpg 300w\" sizes=\"auto, (max-width: 640px) 100vw, 640px\" \/><\/p>\n<p><span style=\"color: #000000;\">Kryeministri n\u00eb detyr\u00eb, Haradinaj, ka th\u00ebn\u00eb se dialogu midis Kosov\u00ebs dhe Serbis\u00eb duhet t\u00eb rifilloj\u00eb pa kushte. <\/span><\/p>\n<p><span style=\"color: #000000;\">N\u00eb nj\u00eb postim n\u00eb faqen e tij n\u00eb \u201cTwitter\u201d, Haradinaj shkruan se Kosova \u00ebsht\u00eb e gatshme t\u00eb b\u00ebj\u00eb pjes\u00ebn e saj nd\u00ebrsa pranon se vet\u00ebm njohja n\u00eb kufijt\u00eb ekzistues do ishte e pranueshme.<\/span><\/p>\n<p><span style=\"color: #000000;\"><em>\u201cKosova ndan interesin strategjik me Shtetet e Bashkuara p\u00ebr paqe dhe stabilitet n\u00eb Ballkan, q\u00eb arrihet kur Kosova dhe Serbia njohin nj\u00ebra-tjetr\u00ebn me kufijt\u00eb ekzistues. Dialogu duhet t\u00eb nis\u00eb pa kushte. Kosova \u00ebsht\u00eb e gatshme p\u00ebr falje, pajtim dhe v\u00ebrtet\u00ebsi\u201d.<\/em> &#8211; shkruan Haradinaj.<\/span><\/p>\n<p><img loading=\"lazy\" decoding=\"async\" class=\"aligncenter size-full wp-image-320159\" src=\"https:\/\/hashtag.al\/wp-content\/uploads\/2019\/09\/haradinaj.png\" alt=\"\" width=\"503\" height=\"227\" srcset=\"https:\/\/www.hashtag.al\/wp-content\/uploads\/2019\/09\/haradinaj.png 503w, https:\/\/www.hashtag.al\/wp-content\/uploads\/2019\/09\/haradinaj-300x135.png 300w\" sizes=\"auto, (max-width: 503px) 100vw, 503px\" \/><\/p>\n","protected":false,"gt_translate_keys":[{"key":"rendered","format":"html"}]},"excerpt":{"rendered":"<p>Kryeministri n\u00eb detyr\u00eb, Haradinaj, ka th\u00ebn\u00eb se dialogu midis Kosov\u00ebs dhe Serbis\u00eb duhet t\u00eb rifilloj\u00eb pa kushte. N\u00eb nj\u00eb postim n\u00eb faqen e tij n\u00eb \u201cTwitter\u201d, Haradinaj shkruan se Kosova \u00ebsht\u00eb e gatshme t\u00eb b\u00ebj\u00eb pjes\u00ebn e saj nd\u00ebrsa pranon se vet\u00ebm njohja n\u00eb kufijt\u00eb ekzistues do ishte e pranueshme. \u201cKosova ndan interesin strategjik me [&hellip;]<\/p>\n","protected":false,"gt_translate_keys":[{"key":"rendered","format":"html"}]},"author":51,"featured_media":320158,"comment_status":"open","ping_status":"open","sticky":false,"template":"","format":"standard","meta":{"footnotes":""},"categories":[149,6],"tags":[],"class_list":["post-320157","post","type-post","status-publish","format-standard","has-post-thumbnail","hentry","category-kosoverajon","category-nderkombetare"],"gt_translate_keys":[{"key":"link","format":"url"}],"_links":{"self":[{"href":"https:\/\/www.hashtag.al\/index.php\/wp-json\/wp\/v2\/posts\/320157","targetHints":{"allow":["GET"]}}],"collection":[{"href":"https:\/\/www.hashtag.al\/index.php\/wp-json\/wp\/v2\/posts"}],"about":[{"href":"https:\/\/www.hashtag.al\/index.php\/wp-json\/wp\/v2\/types\/post"}],"author":[{"embeddable":true,"href":"https:\/\/www.hashtag.al\/index.php\/wp-json\/wp\/v2\/users\/51"}],"replies":[{"embeddable":true,"href":"https:\/\/www.hashtag.al\/index.php\/wp-json\/wp\/v2\/comments?post=320157"}],"version-history":[{"count":0,"href":"https:\/\/www.hashtag.al\/index.php\/wp-json\/wp\/v2\/posts\/320157\/revisions"}],"wp:featuredmedia":[{"embeddable":true,"href":"https:\/\/www.hashtag.al\/index.php\/wp-json\/wp\/v2\/media\/320158"}],"wp:attachment":[{"href":"https:\/\/www.hashtag.al\/index.php\/wp-json\/wp\/v2\/media?parent=320157"}],"wp:term":[{"taxonomy":"category","embeddable":true,"href":"https:\/\/www.hashtag.al\/index.php\/wp-json\/wp\/v2\/categories?post=320157"},{"taxonomy":"post_tag","embeddable":true,"href":"https:\/\/www.hashtag.al\/index.php\/wp-json\/wp\/v2\/tags?post=320157"}],"curies":[{"name":"wp","href":"https:\/\/api.w.org\/{rel}","templated":true}]}}