{"id":319859,"date":"2019-09-05T10:26:11","date_gmt":"2019-09-05T08:26:11","guid":{"rendered":"https:\/\/hashtag.al\/?p=319859"},"modified":"2019-09-05T10:28:07","modified_gmt":"2019-09-05T08:28:07","slug":"nderron-jete-djali-i-legjendes-se-brazilit-cafu-po-luante-futboll-me-shoket","status":"publish","type":"post","link":"https:\/\/www.hashtag.al\/index.php\/2019\/09\/05\/nderron-jete-djali-i-legjendes-se-brazilit-cafu-po-luante-futboll-me-shoket\/","title":{"rendered":"Nd\u00ebrron jet\u00eb djali i legjend\u00ebs s\u00eb Brazilit, Cafu &#8211; Po luante futboll me shok\u00ebt","gt_translate_keys":[{"key":"rendered","format":"text"}]},"content":{"rendered":"<p><img loading=\"lazy\" decoding=\"async\" class=\"aligncenter wp-image-319860\" src=\"https:\/\/hashtag.al\/wp-content\/uploads\/2019\/09\/cafu-352x350.png\" alt=\"\" width=\"600\" height=\"597\" srcset=\"https:\/\/www.hashtag.al\/wp-content\/uploads\/2019\/09\/cafu-352x350.png 352w, https:\/\/www.hashtag.al\/wp-content\/uploads\/2019\/09\/cafu-352x350-150x150.png 150w, https:\/\/www.hashtag.al\/wp-content\/uploads\/2019\/09\/cafu-352x350-300x298.png 300w, https:\/\/www.hashtag.al\/wp-content\/uploads\/2019\/09\/cafu-352x350-120x120.png 120w\" sizes=\"auto, (max-width: 600px) 100vw, 600px\" \/><\/p>\n<p><span style=\"color: #000000;\">Legjenda e Brazilit Cafu ka p\u00ebsuar nj\u00eb humbje t\u00eb r\u00ebnd\u00eb. Djali i tij i madh ka humbur jet\u00ebn nd\u00ebrsa luante futboll me miqt\u00eb dit\u00ebn e djeshme.<\/span><\/p>\n<p><span style=\"color: #000000;\"><span style=\"color: #0000ff;\"><a style=\"color: #0000ff;\" href=\"https:\/\/globoesporte.globo.com\/sp\/futebol\/noticia\/danilo-filho-mais-velho-de-cafu-morre-vitima-de-infarto-aos-30-anos.ghtml?utm_source=Facebook&amp;utm_medium=Social&amp;utm_content=Esporte&amp;utm_campaign=globoesportecom\">Mediat<\/a> <\/span>n\u00eb Brazil shkruajn\u00eb se Danilo Feliciano de Moraes ishte ankuar se nuk ndihej mir\u00eb pasi kishte luajtur vet\u00ebm p\u00ebr dhjet\u00eb minuta n\u00eb sht\u00ebpin\u00eb e familjes n\u00eb Sao Paulo. M\u00eb pas ai kishte p\u00ebsuar nj\u00eb atak kardiak.<\/span><\/p>\n<p><span style=\"color: #000000;\">30-vje\u00e7ari u d\u00ebrgua me shpejt\u00ebsi n\u00eb Spitalin Albert Einstein t\u00eb qytetit, por nd\u00ebrroi jet\u00eb pavar\u00ebsisht p\u00ebrpjekjeve t\u00eb mjek\u00ebve p\u00ebr ta shp\u00ebtuar.<\/span><\/p>\n<p><span style=\"color: #000000;\">Lajmi u konfirmua nga ish-shoku i skuadr\u00ebs s\u00eb Cafu, Paulo Sergio. Danilo ishte m\u00eb i madhi nga tre f\u00ebmij\u00ebt e fituesit t\u00eb Kup\u00ebs s\u00eb Bot\u00ebs &#8211; i cili \u00ebsht\u00eb vler\u00ebsuar si mbrojt\u00ebsi m\u00eb i mir\u00eb n\u00eb loj\u00eb p\u00ebr nj\u00eb dekad\u00eb.<\/span><\/p>\n<p><img loading=\"lazy\" decoding=\"async\" class=\"aligncenter size-full wp-image-319863\" src=\"https:\/\/hashtag.al\/wp-content\/uploads\/2019\/09\/Cafu.jpg\" alt=\"\" width=\"1200\" height=\"838\" srcset=\"https:\/\/www.hashtag.al\/wp-content\/uploads\/2019\/09\/Cafu.jpg 1200w, https:\/\/www.hashtag.al\/wp-content\/uploads\/2019\/09\/Cafu-300x210.jpg 300w, https:\/\/www.hashtag.al\/wp-content\/uploads\/2019\/09\/Cafu-768x536.jpg 768w, https:\/\/www.hashtag.al\/wp-content\/uploads\/2019\/09\/Cafu-1024x715.jpg 1024w\" sizes=\"auto, (max-width: 1200px) 100vw, 1200px\" \/><\/p>\n","protected":false,"gt_translate_keys":[{"key":"rendered","format":"html"}]},"excerpt":{"rendered":"<p>Legjenda e Brazilit Cafu ka p\u00ebsuar nj\u00eb humbje t\u00eb r\u00ebnd\u00eb. Djali i tij i madh ka humbur jet\u00ebn nd\u00ebrsa luante futboll me miqt\u00eb dit\u00ebn e djeshme. Mediat n\u00eb Brazil shkruajn\u00eb se Danilo Feliciano de Moraes ishte ankuar se nuk ndihej mir\u00eb pasi kishte luajtur vet\u00ebm p\u00ebr dhjet\u00eb minuta n\u00eb sht\u00ebpin\u00eb e familjes n\u00eb Sao Paulo. [&hellip;]<\/p>\n","protected":false,"gt_translate_keys":[{"key":"rendered","format":"html"}]},"author":30,"featured_media":319861,"comment_status":"open","ping_status":"open","sticky":false,"template":"","format":"standard","meta":{"footnotes":""},"categories":[134],"tags":[],"class_list":["post-319859","post","type-post","status-publish","format-standard","has-post-thumbnail","hentry","category-sport"],"gt_translate_keys":[{"key":"link","format":"url"}],"_links":{"self":[{"href":"https:\/\/www.hashtag.al\/index.php\/wp-json\/wp\/v2\/posts\/319859","targetHints":{"allow":["GET"]}}],"collection":[{"href":"https:\/\/www.hashtag.al\/index.php\/wp-json\/wp\/v2\/posts"}],"about":[{"href":"https:\/\/www.hashtag.al\/index.php\/wp-json\/wp\/v2\/types\/post"}],"author":[{"embeddable":true,"href":"https:\/\/www.hashtag.al\/index.php\/wp-json\/wp\/v2\/users\/30"}],"replies":[{"embeddable":true,"href":"https:\/\/www.hashtag.al\/index.php\/wp-json\/wp\/v2\/comments?post=319859"}],"version-history":[{"count":0,"href":"https:\/\/www.hashtag.al\/index.php\/wp-json\/wp\/v2\/posts\/319859\/revisions"}],"wp:featuredmedia":[{"embeddable":true,"href":"https:\/\/www.hashtag.al\/index.php\/wp-json\/wp\/v2\/media\/319861"}],"wp:attachment":[{"href":"https:\/\/www.hashtag.al\/index.php\/wp-json\/wp\/v2\/media?parent=319859"}],"wp:term":[{"taxonomy":"category","embeddable":true,"href":"https:\/\/www.hashtag.al\/index.php\/wp-json\/wp\/v2\/categories?post=319859"},{"taxonomy":"post_tag","embeddable":true,"href":"https:\/\/www.hashtag.al\/index.php\/wp-json\/wp\/v2\/tags?post=319859"}],"curies":[{"name":"wp","href":"https:\/\/api.w.org\/{rel}","templated":true}]}}