{"id":319057,"date":"2019-09-01T20:30:55","date_gmt":"2019-09-01T18:30:55","guid":{"rendered":"https:\/\/hashtag.al\/?p=319057"},"modified":"2019-09-01T20:33:09","modified_gmt":"2019-09-01T18:33:09","slug":"sherr-mes-shqiptareve-dhe-serbeve-ne-mitrovice-plagoset-17-vjecari","status":"publish","type":"post","link":"https:\/\/www.hashtag.al\/index.php\/2019\/09\/01\/sherr-mes-shqiptareve-dhe-serbeve-ne-mitrovice-plagoset-17-vjecari\/","title":{"rendered":"Sherr mes shqiptar\u00ebve dhe serb\u00ebve n\u00eb Mitrovic\u00eb, plagoset 17-vje\u00e7ari","gt_translate_keys":[{"key":"rendered","format":"text"}]},"content":{"rendered":"<p><img loading=\"lazy\" decoding=\"async\" class=\"aligncenter size-full wp-image-277551\" src=\"https:\/\/hashtag.al\/wp-content\/uploads\/2019\/02\/sherr.jpg\" alt=\"\" width=\"700\" height=\"240\" srcset=\"https:\/\/www.hashtag.al\/wp-content\/uploads\/2019\/02\/sherr.jpg 700w, https:\/\/www.hashtag.al\/wp-content\/uploads\/2019\/02\/sherr-300x103.jpg 300w\" sizes=\"auto, (max-width: 700px) 100vw, 700px\" \/><\/p>\n<p><span style=\"color: #000000;\">Nj\u00eb adoleshent serb ka mbetur i plagosur pas nj\u00eb p\u00ebrleshjeje me nj\u00eb grup t\u00eb rinjsh shqiptar\u00eb.<\/span><\/p>\n<p><span style=\"color: #000000;\">P\u00ebrleshja mes grupit shqiptar dhe serb\u00ebve ka ndodhur n\u00eb Ur\u00ebn e Ibrit n\u00eb Mitrovic\u00eb, si\u00e7 raportojn\u00eb mediat n\u00eb Kosov\u00eb.<\/span><\/p>\n<p><span style=\"color: #000000;\">Rastin e ka konfirmuar Besim Hoti, z\u00ebvend\u00ebskomandanti i Policis\u00eb s\u00eb Kosov\u00ebs p\u00ebr rajonin e veriut t\u00eb Mitrovic\u00ebs.<\/span><\/p>\n<p><span style=\"color: #000000;\"><em>\u201cP\u00ebrleshja ka ndodhur n\u00eb hyrje t\u00eb Ur\u00ebs s\u00eb Ibrit . Sipas d\u00ebshmitareve i riu serb kan\u00eb qen\u00eb i ngat\u00ebrruar me disa t\u00eb rinj shqiptar\u00eb. K\u00ebta kan\u00eb p\u00ebrdorur mjete t\u00eb mprehta dhe e kan\u00eb godit\u00eb t\u00eb riun dhe m\u00eb pas kan\u00eb ikur n\u00eb drejtim t\u00eb jugut<\/em>\u201d, ka th\u00ebn\u00eb Hoti p\u00ebr <span style=\"color: #0000ff;\"><a style=\"color: #0000ff;\" href=\"https:\/\/insajderi.com\/perleshje-mes-serbeve-dhe-shqiptareve-ne-mitrovice-theret-nje-17-vjecar\/\">Insajderin<\/a><\/span>.<\/span><\/p>\n<p><span style=\"color: #000000;\">Hoti tha gjithashtu se hetuesit jan\u00eb duke k\u00ebrkuar pamjet nga vendi i ngjarjes p\u00ebr t\u00eb kuptuar se \u00e7far\u00eb ka ndodhur. Fatmir\u00ebsisht i l\u00ebnduari 17-vje\u00e7ar, \u00ebsht\u00eb jasht\u00eb rrezikut p\u00ebr jet\u00ebn.<\/span><\/p>\n<p>&nbsp;<\/p>\n","protected":false,"gt_translate_keys":[{"key":"rendered","format":"html"}]},"excerpt":{"rendered":"<p>Nj\u00eb adoleshent serb ka mbetur i plagosur pas nj\u00eb p\u00ebrleshjeje me nj\u00eb grup t\u00eb rinjsh shqiptar\u00eb. P\u00ebrleshja mes grupit shqiptar dhe serb\u00ebve ka ndodhur n\u00eb Ur\u00ebn e Ibrit n\u00eb Mitrovic\u00eb, si\u00e7 raportojn\u00eb mediat n\u00eb Kosov\u00eb. Rastin e ka konfirmuar Besim Hoti, z\u00ebvend\u00ebskomandanti i Policis\u00eb s\u00eb Kosov\u00ebs p\u00ebr rajonin e veriut t\u00eb Mitrovic\u00ebs. \u201cP\u00ebrleshja ka ndodhur [&hellip;]<\/p>\n","protected":false,"gt_translate_keys":[{"key":"rendered","format":"html"}]},"author":30,"featured_media":277551,"comment_status":"open","ping_status":"open","sticky":false,"template":"","format":"standard","meta":{"footnotes":""},"categories":[65,13],"tags":[],"class_list":["post-319057","post","type-post","status-publish","format-standard","has-post-thumbnail","hentry","category-lajme","category-te-fundit"],"gt_translate_keys":[{"key":"link","format":"url"}],"_links":{"self":[{"href":"https:\/\/www.hashtag.al\/index.php\/wp-json\/wp\/v2\/posts\/319057","targetHints":{"allow":["GET"]}}],"collection":[{"href":"https:\/\/www.hashtag.al\/index.php\/wp-json\/wp\/v2\/posts"}],"about":[{"href":"https:\/\/www.hashtag.al\/index.php\/wp-json\/wp\/v2\/types\/post"}],"author":[{"embeddable":true,"href":"https:\/\/www.hashtag.al\/index.php\/wp-json\/wp\/v2\/users\/30"}],"replies":[{"embeddable":true,"href":"https:\/\/www.hashtag.al\/index.php\/wp-json\/wp\/v2\/comments?post=319057"}],"version-history":[{"count":0,"href":"https:\/\/www.hashtag.al\/index.php\/wp-json\/wp\/v2\/posts\/319057\/revisions"}],"wp:featuredmedia":[{"embeddable":true,"href":"https:\/\/www.hashtag.al\/index.php\/wp-json\/wp\/v2\/media\/277551"}],"wp:attachment":[{"href":"https:\/\/www.hashtag.al\/index.php\/wp-json\/wp\/v2\/media?parent=319057"}],"wp:term":[{"taxonomy":"category","embeddable":true,"href":"https:\/\/www.hashtag.al\/index.php\/wp-json\/wp\/v2\/categories?post=319057"},{"taxonomy":"post_tag","embeddable":true,"href":"https:\/\/www.hashtag.al\/index.php\/wp-json\/wp\/v2\/tags?post=319057"}],"curies":[{"name":"wp","href":"https:\/\/api.w.org\/{rel}","templated":true}]}}