{"id":318654,"date":"2019-08-30T20:47:41","date_gmt":"2019-08-30T18:47:41","guid":{"rendered":"https:\/\/hashtag.al\/?p=318654"},"modified":"2019-08-30T20:26:45","modified_gmt":"2019-08-30T18:26:45","slug":"kan-rikthehet-ne-shtepi-zevendeson-legjenden-rumenige-te-bajerni-i-mynihut","status":"publish","type":"post","link":"https:\/\/www.hashtag.al\/index.php\/2019\/08\/30\/kan-rikthehet-ne-shtepi-zevendeson-legjenden-rumenige-te-bajerni-i-mynihut\/","title":{"rendered":"Kan rikthehet n\u00eb sht\u00ebpi, z\u00ebvend\u00ebson legjend\u00ebn Rumenige te Bajerni i Mynihut","gt_translate_keys":[{"key":"rendered","format":"text"}]},"content":{"rendered":"<p><img loading=\"lazy\" decoding=\"async\" class=\"aligncenter size-full wp-image-318655\" src=\"https:\/\/hashtag.al\/wp-content\/uploads\/2019\/08\/Kahn30gusht.jpg\" alt=\"\" width=\"993\" height=\"559\" srcset=\"https:\/\/www.hashtag.al\/wp-content\/uploads\/2019\/08\/Kahn30gusht.jpg 993w, https:\/\/www.hashtag.al\/wp-content\/uploads\/2019\/08\/Kahn30gusht-300x169.jpg 300w, https:\/\/www.hashtag.al\/wp-content\/uploads\/2019\/08\/Kahn30gusht-768x432.jpg 768w\" sizes=\"auto, (max-width: 993px) 100vw, 993px\" \/><\/p>\n<p><span style=\"color: #000000;\">Ish-portieri legjendar i Bajernit t\u00eb Mynihut, Oliver Kan, \u00ebsht\u00eb rikthyer n\u00eb sht\u00ebpi. Ish-kapiteni \u00ebsht\u00eb em\u00ebruar president i klubit gjerman. <\/span><\/p>\n<p><span style=\"color: #000000;\">Kan ka n\u00ebnshkruar nj\u00eb kontrat\u00eb 5-vje\u00e7are q\u00eb hyn n\u00eb fuqi m\u00eb 1 janar 2020 duke z\u00ebvend\u00ebsuar nj\u00eb tjet\u00ebr legjend\u00eb bavareze si\u00e7 \u00ebsht\u00eb Rumenige. Kan ka qen\u00eb zgjedhja e Uli H\u00ebnesit p\u00ebr k\u00ebt\u00eb pozicion.<\/span><\/p>\n<p><span style=\"color: #000000;\"><em>\u201cAi ka qen\u00eb p\u00ebr vite me radh\u00eb kapiten i Bajernit dhe komb\u00ebtares, ka fituar gjith\u00e7ka mund t\u00eb fitohet dhe ka treguar p\u00ebr her\u00eb vullnet dhe sakrific\u00eb t\u00eb lart\u00eb.\u201d<\/em> &#8211; tha H\u00ebnes.<\/span><\/p>\n<p><span style=\"color: #000000;\">Vet\u00eb Kan u shpreh tejet i k\u00ebnaqur p\u00ebr k\u00ebt\u00eb pozicion duke e quajtur nj\u00eb nder t\u00eb madh q\u00eb po i b\u00ebhej duke shtuar se ndihej shum\u00eb i lidhur me klubin.<\/span><\/p>\n","protected":false,"gt_translate_keys":[{"key":"rendered","format":"html"}]},"excerpt":{"rendered":"<p>Ish-portieri legjendar i Bajernit t\u00eb Mynihut, Oliver Kan, \u00ebsht\u00eb rikthyer n\u00eb sht\u00ebpi. Ish-kapiteni \u00ebsht\u00eb em\u00ebruar president i klubit gjerman. Kan ka n\u00ebnshkruar nj\u00eb kontrat\u00eb 5-vje\u00e7are q\u00eb hyn n\u00eb fuqi m\u00eb 1 janar 2020 duke z\u00ebvend\u00ebsuar nj\u00eb tjet\u00ebr legjend\u00eb bavareze si\u00e7 \u00ebsht\u00eb Rumenige. Kan ka qen\u00eb zgjedhja e Uli H\u00ebnesit p\u00ebr k\u00ebt\u00eb pozicion. \u201cAi ka qen\u00eb [&hellip;]<\/p>\n","protected":false,"gt_translate_keys":[{"key":"rendered","format":"html"}]},"author":51,"featured_media":318655,"comment_status":"open","ping_status":"open","sticky":false,"template":"","format":"standard","meta":{"footnotes":""},"categories":[134],"tags":[],"class_list":["post-318654","post","type-post","status-publish","format-standard","has-post-thumbnail","hentry","category-sport"],"gt_translate_keys":[{"key":"link","format":"url"}],"_links":{"self":[{"href":"https:\/\/www.hashtag.al\/index.php\/wp-json\/wp\/v2\/posts\/318654","targetHints":{"allow":["GET"]}}],"collection":[{"href":"https:\/\/www.hashtag.al\/index.php\/wp-json\/wp\/v2\/posts"}],"about":[{"href":"https:\/\/www.hashtag.al\/index.php\/wp-json\/wp\/v2\/types\/post"}],"author":[{"embeddable":true,"href":"https:\/\/www.hashtag.al\/index.php\/wp-json\/wp\/v2\/users\/51"}],"replies":[{"embeddable":true,"href":"https:\/\/www.hashtag.al\/index.php\/wp-json\/wp\/v2\/comments?post=318654"}],"version-history":[{"count":0,"href":"https:\/\/www.hashtag.al\/index.php\/wp-json\/wp\/v2\/posts\/318654\/revisions"}],"wp:featuredmedia":[{"embeddable":true,"href":"https:\/\/www.hashtag.al\/index.php\/wp-json\/wp\/v2\/media\/318655"}],"wp:attachment":[{"href":"https:\/\/www.hashtag.al\/index.php\/wp-json\/wp\/v2\/media?parent=318654"}],"wp:term":[{"taxonomy":"category","embeddable":true,"href":"https:\/\/www.hashtag.al\/index.php\/wp-json\/wp\/v2\/categories?post=318654"},{"taxonomy":"post_tag","embeddable":true,"href":"https:\/\/www.hashtag.al\/index.php\/wp-json\/wp\/v2\/tags?post=318654"}],"curies":[{"name":"wp","href":"https:\/\/api.w.org\/{rel}","templated":true}]}}