{"id":318589,"date":"2019-08-30T17:00:11","date_gmt":"2019-08-30T15:00:11","guid":{"rendered":"https:\/\/hashtag.al\/?p=318589"},"modified":"2019-08-30T17:00:12","modified_gmt":"2019-08-30T15:00:12","slug":"dua-te-ha-darke-me-messin-ronaldo-pranon-se-e-ka-marre-malli-per-rivalitetin-ne-la-liga","status":"publish","type":"post","link":"https:\/\/www.hashtag.al\/index.php\/2019\/08\/30\/dua-te-ha-darke-me-messin-ronaldo-pranon-se-e-ka-marre-malli-per-rivalitetin-ne-la-liga\/","title":{"rendered":"&#8220;Dua t\u00eb ha dark\u00eb me Messin&#8221;, Ronaldo pranon se e ka marr\u00eb malli p\u00ebr rivalitetin n\u00eb La Liga","gt_translate_keys":[{"key":"rendered","format":"text"}]},"content":{"rendered":"<p><img loading=\"lazy\" decoding=\"async\" class=\"aligncenter size-full wp-image-318590\" src=\"https:\/\/hashtag.al\/wp-content\/uploads\/2019\/08\/Ronaldo-messi.jpg\" alt=\"\" width=\"980\" height=\"551\" srcset=\"https:\/\/www.hashtag.al\/wp-content\/uploads\/2019\/08\/Ronaldo-messi.jpg 980w, https:\/\/www.hashtag.al\/wp-content\/uploads\/2019\/08\/Ronaldo-messi-300x169.jpg 300w, https:\/\/www.hashtag.al\/wp-content\/uploads\/2019\/08\/Ronaldo-messi-768x432.jpg 768w\" sizes=\"auto, (max-width: 980px) 100vw, 980px\" \/><\/p>\n<p><span style=\"color: #000000;\">Dy ikonat e futbollit, Cristiano Ronaldo dhe Lionel Messi pranuan mbr\u00ebmjen e kaluar se i mungon nj\u00ebri-tjetri q\u00eb nga transferimi i t\u00eb parit te Juventus.<\/span><\/p>\n<p><span style=\"color: #000000;\">Madje Ronaldo tha se ai d\u00ebshiron nj\u00eb dark\u00eb me argjentinasin.<\/span><\/p>\n<p><span style=\"color: #000000;\">T\u00eb dy u ul\u00ebn pran\u00eb nj\u00ebri-tjetrit n\u00eb shortin e faz\u00ebs s\u00eb grupeve t\u00eb UEFA-s p\u00ebr Lig\u00ebn e Kampion\u00ebve t\u00eb s\u00eb enjtes q\u00eb u mbajt n\u00eb Monte Carlo.<\/span><\/p>\n<p><span style=\"color: #000000;\">Ata u pyet\u00ebn p\u00ebr karrier\u00ebn e tyre personale dhe marr\u00ebdh\u00ebniet me nj\u00ebri-tjetrin.<\/span><\/p>\n<p><span style=\"color: #000000;\">Duke iu p\u00ebrgjigjur nj\u00eb pyetjeje t\u00eb gazetar\u00ebve, Ronaldo pranoi n\u00eb spanjisht se i mungon Messi, me t\u00eb cilin ndau disa nga nga ndeshjet m\u00eb t\u00eb m\u00ebdha t\u00eb futbollit n\u00eb derbin \u2018El Clasico\u2019 mes Realit dhe Barc\u00ebs.<\/span><\/p>\n<p><span style=\"color: #000000;\"><em>&#8220;Un\u00eb kam qen\u00eb kurioz sepse kemi ndar\u00eb sken\u00ebn 15 vjet. Un\u00eb dhe ai. Nuk e di n\u00ebse ka ndodhur ndonj\u00ebher\u00eb n\u00eb futboll. T\u00eb nj\u00ebjt\u00ebt djem n\u00eb t\u00eb nj\u00ebjt\u00ebn sken\u00eb gjat\u00eb gjith\u00eb koh\u00ebs&#8221;<\/em>, tha ai p\u00ebr mbret\u00ebrimin e tyre prej m\u00eb shum\u00eb se nj\u00eb dekade si dy lojtar\u00ebt m\u00eb t\u00eb mir\u00eb n\u00eb bot\u00eb.<\/span><\/p>\n<p><span style=\"color: #000000;\">Ronaldo vazhdoi:<em> &#8220;K\u00ebshtu q\u00eb nuk \u00ebsht\u00eb e leht\u00eb si\u00e7 e dini. Dhe sigurisht q\u00eb kemi nj\u00eb marr\u00ebdh\u00ebnie t\u00eb mir\u00eb. Ende nuk kemi darkuar s\u00eb bashku. Por shpresoj n\u00eb t\u00eb ardhmen\u201d.<\/em><\/span><\/p>\n<blockquote class=\"twitter-tweet\" data-lang=\"en\">\n<p dir=\"ltr\" lang=\"en\">&#8220;We&#8217;ve not had dinner together&#8230; yet!&#8221; \ud83c\udf7d<\/p>\n<p>Cristiano Ronaldo is keen on organising some future plans with Lionel Messi \ud83d\udc10\ud83d\udc10 <a href=\"https:\/\/t.co\/tGTuUFsdpj\">pic.twitter.com\/tGTuUFsdpj<\/a><\/p>\n<p>\u2014 Eurosport UK (@Eurosport_UK) <a href=\"https:\/\/twitter.com\/Eurosport_UK\/status\/1167373284410822658?ref_src=twsrc%5Etfw\">August 30, 2019<\/a><\/p><\/blockquote>\n<p><script async src=\"https:\/\/platform.twitter.com\/widgets.js\" charset=\"utf-8\"><\/script><\/p>\n","protected":false,"gt_translate_keys":[{"key":"rendered","format":"html"}]},"excerpt":{"rendered":"<p>Dy ikonat e futbollit, Cristiano Ronaldo dhe Lionel Messi pranuan mbr\u00ebmjen e kaluar se i mungon nj\u00ebri-tjetri q\u00eb nga transferimi i t\u00eb parit te Juventus. Madje Ronaldo tha se ai d\u00ebshiron nj\u00eb dark\u00eb me argjentinasin. T\u00eb dy u ul\u00ebn pran\u00eb nj\u00ebri-tjetrit n\u00eb shortin e faz\u00ebs s\u00eb grupeve t\u00eb UEFA-s p\u00ebr Lig\u00ebn e Kampion\u00ebve t\u00eb s\u00eb [&hellip;]<\/p>\n","protected":false,"gt_translate_keys":[{"key":"rendered","format":"html"}]},"author":30,"featured_media":318590,"comment_status":"open","ping_status":"open","sticky":false,"template":"","format":"standard","meta":{"footnotes":""},"categories":[134],"tags":[],"class_list":["post-318589","post","type-post","status-publish","format-standard","has-post-thumbnail","hentry","category-sport"],"gt_translate_keys":[{"key":"link","format":"url"}],"_links":{"self":[{"href":"https:\/\/www.hashtag.al\/index.php\/wp-json\/wp\/v2\/posts\/318589","targetHints":{"allow":["GET"]}}],"collection":[{"href":"https:\/\/www.hashtag.al\/index.php\/wp-json\/wp\/v2\/posts"}],"about":[{"href":"https:\/\/www.hashtag.al\/index.php\/wp-json\/wp\/v2\/types\/post"}],"author":[{"embeddable":true,"href":"https:\/\/www.hashtag.al\/index.php\/wp-json\/wp\/v2\/users\/30"}],"replies":[{"embeddable":true,"href":"https:\/\/www.hashtag.al\/index.php\/wp-json\/wp\/v2\/comments?post=318589"}],"version-history":[{"count":0,"href":"https:\/\/www.hashtag.al\/index.php\/wp-json\/wp\/v2\/posts\/318589\/revisions"}],"wp:featuredmedia":[{"embeddable":true,"href":"https:\/\/www.hashtag.al\/index.php\/wp-json\/wp\/v2\/media\/318590"}],"wp:attachment":[{"href":"https:\/\/www.hashtag.al\/index.php\/wp-json\/wp\/v2\/media?parent=318589"}],"wp:term":[{"taxonomy":"category","embeddable":true,"href":"https:\/\/www.hashtag.al\/index.php\/wp-json\/wp\/v2\/categories?post=318589"},{"taxonomy":"post_tag","embeddable":true,"href":"https:\/\/www.hashtag.al\/index.php\/wp-json\/wp\/v2\/tags?post=318589"}],"curies":[{"name":"wp","href":"https:\/\/api.w.org\/{rel}","templated":true}]}}