{"id":318374,"date":"2019-08-29T15:50:43","date_gmt":"2019-08-29T13:50:43","guid":{"rendered":"https:\/\/hashtag.al\/?p=318374"},"modified":"2019-08-29T15:49:31","modified_gmt":"2019-08-29T13:49:31","slug":"conte-perseri-kryeminister-nis-punen-per-krijimin-e-qeverise-se-re-italiane","status":"publish","type":"post","link":"https:\/\/www.hashtag.al\/index.php\/2019\/08\/29\/conte-perseri-kryeminister-nis-punen-per-krijimin-e-qeverise-se-re-italiane\/","title":{"rendered":"Conte p\u00ebrs\u00ebri kryeminist\u00ebr, nis pun\u00ebn p\u00ebr krijimin e qeveris\u00eb s\u00eb re italiane","gt_translate_keys":[{"key":"rendered","format":"text"}]},"content":{"rendered":"<p><img loading=\"lazy\" decoding=\"async\" class=\"aligncenter size-full wp-image-318375\" src=\"https:\/\/hashtag.al\/wp-content\/uploads\/2019\/08\/3072.jpg\" alt=\"\" width=\"620\" height=\"372\" srcset=\"https:\/\/www.hashtag.al\/wp-content\/uploads\/2019\/08\/3072.jpg 620w, https:\/\/www.hashtag.al\/wp-content\/uploads\/2019\/08\/3072-300x180.jpg 300w\" sizes=\"auto, (max-width: 620px) 100vw, 620px\" \/><\/p>\n<p><span style=\"color: #000000;\">Presidenti italian Sergio Mattarella ka ngarkuar s\u00ebrish Giuseppe Conten me detyr\u00ebn e Kryeministrit p\u00ebr krijimin e qeveris\u00eb s\u00eb re t\u00eb koalicionit 5 Yje-PD.<\/span><\/p>\n<p><span style=\"color: #000000;\">Kjo pasi L\u00ebvizja 5 Yjet e Contes, ka arritur t\u00eb siguroj\u00eb nj\u00eb marr\u00ebveshje p\u00ebr koalicion me partin\u00eb e qendr\u00ebs s\u00eb majt\u00eb Demokratike (PD, nj\u00eb veprim q\u00eb e rr\u00ebzon Lidhjen e ekstremit t\u00eb djatht\u00eb nga qeveria dhe pengon zgjedhjet e parakohshme.<\/span><\/p>\n<p><span style=\"color: #000000;\">Conte do t\u00eb nis\u00eb menj\u00ebher\u00eb sot konsultimet me forcat politike p\u00ebr krijimin e skuadr\u00ebs s\u00eb ekzekutivit italian.<\/span><\/p>\n<p><em><span style=\"color: #000000;\">&#8220;E pranova me rezerv\u00eb detyr\u00ebn e ngarkuar nga Presidenti i Republik\u00ebs p\u00ebr formimin e qeveris\u00eb s\u00eb re. Sot do t\u00eb nis konsultimet me t\u00eb gjitha grupet parlamentare. N\u00eb fund t\u00eb konfrontimeve me ta, do ti dedikohem hartimit t\u00eb programit qeveris\u00ebs bashk\u00eb me forcat politike q\u00eb m\u00eb kan\u00eb mb\u00ebshtetur e i falenderoj. Jemi n\u00eb fillimin e nj\u00eb legjislature t\u00eb re europiane e na duhet t\u00eb rekuperojm\u00eb koh\u00ebn e humbur p\u00ebr ti dh\u00ebn\u00eb Italis\u00eb rolin q\u00eb meriton si protagoniste.\u00a0<\/span><\/em><\/p>\n<p><span style=\"color: #000000;\"><em>Vendi duhet t\u00eb p\u00ebrparoj\u00eb shpejt. Prioriteti kryesor i qeveris\u00eb \u00ebsht\u00eb manovra e buxhetit. Do t\u00eb jet\u00eb nj\u00eb qeveri p\u00ebr t\u00eb modernizuar vendin e qytetar\u00ebt. Do t\u00eb jet\u00eb nj\u00eb qeveri risie, riformimi, ringjallje shpresash q\u00eb do ti ofroj\u00eb vendit siguri. Do t\u00eb punojm\u00eb p\u00ebr t\u00eb pasur nj\u00eb infrastrukrur\u00eb t\u00eb sigurt, rrjete efikase q\u00eb ushqehen me energji t\u00eb rinovueshme, q\u00eb integron mir\u00ebq\u00ebnie ekonomike t\u00eb q\u00ebndrueshme dhe do t\u00eb eleminojm\u00eb pabarazit\u00eb e t\u00eb gjitha llojeve ne axhend\u00ebn ton\u00eb politike.&#8221;<\/em>, deklaroi Conte.<\/span><\/p>\n<p><span style=\"color: #000000;\">Ky mund t\u00eb jet\u00eb shansi i dyt\u00eb i Conte-s p\u00ebr t\u00eb udh\u00ebhequr Italin\u00eb, pasi ai dha dor\u00ebheqjen jav\u00ebn e kaluar pas p\u00ebrfundimit t\u00eb aleanc\u00ebs mes M5S dhe Lidhjes.<\/span><\/p>\n<p><span style=\"color: #000000;\">Conte ka disa dit\u00eb koh\u00eb p\u00ebr t&#8217;u siguruar M5S dhe PD t\u00eb l\u00ebn\u00eb m\u00ebnjan\u00eb diferencat e tyre t\u00eb shumta p\u00ebr t\u00eb krijuar nj\u00eb qeveri t\u00eb fort\u00eb dhe t\u00eb q\u00ebndrueshme.<\/span><\/p>\n<p><span style=\"color: #000000;\">T\u00eb dyja pal\u00ebt duhet ende t\u00eb hartojn\u00eb nj\u00eb program dhe t\u00eb zgjedhin nj\u00eb kabinet.<\/span><\/p>\n<p><span style=\"color: #000000;\">Nj\u00eb nga pengesat \u00ebsht\u00eb roli i Luigi Di Maio-s, udh\u00ebheq\u00ebsi i M5S.<\/span><\/p>\n<p><span style=\"color: #000000;\">PD insiston q\u00eb ai t\u00eb jet\u00eb zv.kryeminist\u00ebr, n\u00eb m\u00ebnyr\u00eb q\u00eb si k\u00ebmbim t\u00eb pranojn\u00eb Conte-n si kryeminist\u00ebr.<\/span><\/p>\n","protected":false,"gt_translate_keys":[{"key":"rendered","format":"html"}]},"excerpt":{"rendered":"<p>Presidenti italian Sergio Mattarella ka ngarkuar s\u00ebrish Giuseppe Conten me detyr\u00ebn e Kryeministrit p\u00ebr krijimin e qeveris\u00eb s\u00eb re t\u00eb koalicionit 5 Yje-PD. Kjo pasi L\u00ebvizja 5 Yjet e Contes, ka arritur t\u00eb siguroj\u00eb nj\u00eb marr\u00ebveshje p\u00ebr koalicion me partin\u00eb e qendr\u00ebs s\u00eb majt\u00eb Demokratike (PD, nj\u00eb veprim q\u00eb e rr\u00ebzon Lidhjen e ekstremit t\u00eb [&hellip;]<\/p>\n","protected":false,"gt_translate_keys":[{"key":"rendered","format":"html"}]},"author":30,"featured_media":318375,"comment_status":"open","ping_status":"open","sticky":false,"template":"","format":"standard","meta":{"footnotes":""},"categories":[6],"tags":[],"class_list":["post-318374","post","type-post","status-publish","format-standard","has-post-thumbnail","hentry","category-nderkombetare"],"gt_translate_keys":[{"key":"link","format":"url"}],"_links":{"self":[{"href":"https:\/\/www.hashtag.al\/index.php\/wp-json\/wp\/v2\/posts\/318374","targetHints":{"allow":["GET"]}}],"collection":[{"href":"https:\/\/www.hashtag.al\/index.php\/wp-json\/wp\/v2\/posts"}],"about":[{"href":"https:\/\/www.hashtag.al\/index.php\/wp-json\/wp\/v2\/types\/post"}],"author":[{"embeddable":true,"href":"https:\/\/www.hashtag.al\/index.php\/wp-json\/wp\/v2\/users\/30"}],"replies":[{"embeddable":true,"href":"https:\/\/www.hashtag.al\/index.php\/wp-json\/wp\/v2\/comments?post=318374"}],"version-history":[{"count":0,"href":"https:\/\/www.hashtag.al\/index.php\/wp-json\/wp\/v2\/posts\/318374\/revisions"}],"wp:featuredmedia":[{"embeddable":true,"href":"https:\/\/www.hashtag.al\/index.php\/wp-json\/wp\/v2\/media\/318375"}],"wp:attachment":[{"href":"https:\/\/www.hashtag.al\/index.php\/wp-json\/wp\/v2\/media?parent=318374"}],"wp:term":[{"taxonomy":"category","embeddable":true,"href":"https:\/\/www.hashtag.al\/index.php\/wp-json\/wp\/v2\/categories?post=318374"},{"taxonomy":"post_tag","embeddable":true,"href":"https:\/\/www.hashtag.al\/index.php\/wp-json\/wp\/v2\/tags?post=318374"}],"curies":[{"name":"wp","href":"https:\/\/api.w.org\/{rel}","templated":true}]}}