{"id":318371,"date":"2019-08-29T15:21:28","date_gmt":"2019-08-29T13:21:28","guid":{"rendered":"https:\/\/hashtag.al\/?p=318371"},"modified":"2019-08-29T15:22:37","modified_gmt":"2019-08-29T13:22:37","slug":"japin-doreheqjen-gjashte-drejtore-ne-shkoder-pas-urdhrit-te-rames","status":"publish","type":"post","link":"https:\/\/www.hashtag.al\/index.php\/2019\/08\/29\/japin-doreheqjen-gjashte-drejtore-ne-shkoder-pas-urdhrit-te-rames\/","title":{"rendered":"Japin dor\u00ebheqjen gjasht\u00eb drejtor\u00eb n\u00eb Shkod\u00ebr pas urdhrit t\u00eb Ram\u00ebs","gt_translate_keys":[{"key":"rendered","format":"text"}]},"content":{"rendered":"<p><img loading=\"lazy\" decoding=\"async\" class=\"aligncenter size-full wp-image-312172\" src=\"https:\/\/hashtag.al\/wp-content\/uploads\/2019\/07\/ediramakryeministri.jpg\" alt=\"\" width=\"900\" height=\"608\" srcset=\"https:\/\/www.hashtag.al\/wp-content\/uploads\/2019\/07\/ediramakryeministri.jpg 900w, https:\/\/www.hashtag.al\/wp-content\/uploads\/2019\/07\/ediramakryeministri-300x203.jpg 300w, https:\/\/www.hashtag.al\/wp-content\/uploads\/2019\/07\/ediramakryeministri-768x519.jpg 768w\" sizes=\"auto, (max-width: 900px) 100vw, 900px\" \/><\/p>\n<p><span style=\"color: #000000;\">Japin dor\u00ebheqjen disa nga drejtor\u00ebt m\u00eb t\u00eb r\u00ebnd\u00ebsish\u00ebm n\u00eb Shkod\u00ebr vet\u00ebm nj\u00eb dit\u00eb pas urdhrit t\u00eb kryeministrit Edi Rama.<\/span><\/p>\n<p><strong><span style=\"color: #000000;\">B\u00ebhet fjal\u00eb p\u00ebr:<\/span><\/strong><\/p>\n<p><span style=\"color: #000000;\">1.Kadri Ymeri \u2013 Drejtor i DAR Shkod\u00ebr,<\/span><\/p>\n<p><span style=\"color: #000000;\">2.Mustaf Kraja \u2013 Drejtor i Bujq\u00ebsis\u00eb Shkod\u00ebr,<\/span><\/p>\n<p><span style=\"color: #000000;\">3.Luan Heta \u2013 Drejtor i HEC Vau Dej\u00ebs,<\/span><\/p>\n<p><span style=\"color: #000000;\">4.Edmond Emini \u2013 Drejtor i Post\u00ebs Shkod\u00ebr ( Kryetar i PS Shkod\u00ebr),<\/span><\/p>\n<p><span style=\"color: #000000;\">5.Agim Dardha \u2013 Drejtor Administrata e Zonave te Mbrojtura ne Shkoder,<\/span><\/p>\n<p><span style=\"color: #000000;\">6.Astrit Beci \u2013 Drejtor i Shendetit Publik Shkoder.<\/span><\/p>\n<p><span style=\"color: #000000;\">Pritet q\u00eb t\u00eb jap\u00eb dor\u00ebheqjen edhe Ardian Dajti \u2013 Drejtor i Spitalit t\u00eb Shkodr\u00ebs. <\/span><span style=\"color: #000000;\">Mes k\u00ebtyre, Astrit Beci \u00ebsht\u00eb emri m\u00eb i p\u00ebrfolur p\u00ebr t\u00eb z\u00ebvend\u00ebsuar Valdrin Pjetrin si kandidati socialist p\u00ebr bashkin\u00eb Shkod\u00ebr. Por ende nuk ka asgj\u00eb t\u00eb konfirmuar.<\/span><\/p>\n<p><span style=\"color: #000000;\">Vet\u00ebm nj\u00eb dit\u00eb m\u00eb par\u00eb, kryetarja e K\u00ebshillit Bashkiak t\u00eb Shkodr\u00ebs, Briseda Kadia, tha se \u00ebsht\u00eb urdh\u00ebruar dor\u00ebheqja e t\u00eb gjith\u00eb drejtor\u00ebve, p\u00ebr t\u2019u z\u00ebvend\u00ebsuar me <em>&#8220;njer\u00ebz me integritet<\/em>&#8220;. Kjo pasi Partia Socialiste humbi kredibilitetin e saj n\u00eb Shkod\u00ebr, pas dor\u00ebheqjes s\u00eb Valdrin Pjetrit. Ky i fundit u detyrua t\u00eb t\u00ebrhiqej nga bashkia e Shkodr\u00ebs, pas zbulimit nga PD-ja se ishte i d\u00ebnuar n\u00eb Itali p\u00ebr trafik droge.<\/span><\/p>\n","protected":false,"gt_translate_keys":[{"key":"rendered","format":"html"}]},"excerpt":{"rendered":"<p>Japin dor\u00ebheqjen disa nga drejtor\u00ebt m\u00eb t\u00eb r\u00ebnd\u00ebsish\u00ebm n\u00eb Shkod\u00ebr vet\u00ebm nj\u00eb dit\u00eb pas urdhrit t\u00eb kryeministrit Edi Rama. B\u00ebhet fjal\u00eb p\u00ebr: 1.Kadri Ymeri \u2013 Drejtor i DAR Shkod\u00ebr, 2.Mustaf Kraja \u2013 Drejtor i Bujq\u00ebsis\u00eb Shkod\u00ebr, 3.Luan Heta \u2013 Drejtor i HEC Vau Dej\u00ebs, 4.Edmond Emini \u2013 Drejtor i Post\u00ebs Shkod\u00ebr ( Kryetar i PS [&hellip;]<\/p>\n","protected":false,"gt_translate_keys":[{"key":"rendered","format":"html"}]},"author":30,"featured_media":312172,"comment_status":"open","ping_status":"open","sticky":false,"template":"","format":"standard","meta":{"footnotes":""},"categories":[65,13],"tags":[],"class_list":["post-318371","post","type-post","status-publish","format-standard","has-post-thumbnail","hentry","category-lajme","category-te-fundit"],"gt_translate_keys":[{"key":"link","format":"url"}],"_links":{"self":[{"href":"https:\/\/www.hashtag.al\/index.php\/wp-json\/wp\/v2\/posts\/318371","targetHints":{"allow":["GET"]}}],"collection":[{"href":"https:\/\/www.hashtag.al\/index.php\/wp-json\/wp\/v2\/posts"}],"about":[{"href":"https:\/\/www.hashtag.al\/index.php\/wp-json\/wp\/v2\/types\/post"}],"author":[{"embeddable":true,"href":"https:\/\/www.hashtag.al\/index.php\/wp-json\/wp\/v2\/users\/30"}],"replies":[{"embeddable":true,"href":"https:\/\/www.hashtag.al\/index.php\/wp-json\/wp\/v2\/comments?post=318371"}],"version-history":[{"count":0,"href":"https:\/\/www.hashtag.al\/index.php\/wp-json\/wp\/v2\/posts\/318371\/revisions"}],"wp:featuredmedia":[{"embeddable":true,"href":"https:\/\/www.hashtag.al\/index.php\/wp-json\/wp\/v2\/media\/312172"}],"wp:attachment":[{"href":"https:\/\/www.hashtag.al\/index.php\/wp-json\/wp\/v2\/media?parent=318371"}],"wp:term":[{"taxonomy":"category","embeddable":true,"href":"https:\/\/www.hashtag.al\/index.php\/wp-json\/wp\/v2\/categories?post=318371"},{"taxonomy":"post_tag","embeddable":true,"href":"https:\/\/www.hashtag.al\/index.php\/wp-json\/wp\/v2\/tags?post=318371"}],"curies":[{"name":"wp","href":"https:\/\/api.w.org\/{rel}","templated":true}]}}