{"id":318213,"date":"2019-08-29T07:30:59","date_gmt":"2019-08-29T05:30:59","guid":{"rendered":"https:\/\/hashtag.al\/?p=318213"},"modified":"2019-08-28T16:03:12","modified_gmt":"2019-08-28T14:03:12","slug":"messi-demtohet-serish-1-muaj-mbetet-jashte-fushave","status":"publish","type":"post","link":"https:\/\/www.hashtag.al\/index.php\/2019\/08\/29\/messi-demtohet-serish-1-muaj-mbetet-jashte-fushave\/","title":{"rendered":"Messi d\u00ebmtohet s\u00ebrish, 1 muaj mbetet jasht\u00eb fushave","gt_translate_keys":[{"key":"rendered","format":"text"}]},"content":{"rendered":"<p><img loading=\"lazy\" decoding=\"async\" class=\"aligncenter size-full wp-image-318214\" src=\"https:\/\/hashtag.al\/wp-content\/uploads\/2019\/08\/img_pmorata_20190825-214011_imagenes_md_propias_pmorata_fcbarcelonabetis2-kJGH-U478119310WQH-980x554@MundoDeportivo-Web.jpg\" alt=\"\" width=\"980\" height=\"554\" srcset=\"https:\/\/www.hashtag.al\/wp-content\/uploads\/2019\/08\/img_pmorata_20190825-214011_imagenes_md_propias_pmorata_fcbarcelonabetis2-kJGH-U478119310WQH-980x554@MundoDeportivo-Web.jpg 980w, https:\/\/www.hashtag.al\/wp-content\/uploads\/2019\/08\/img_pmorata_20190825-214011_imagenes_md_propias_pmorata_fcbarcelonabetis2-kJGH-U478119310WQH-980x554@MundoDeportivo-Web-300x170.jpg 300w, https:\/\/www.hashtag.al\/wp-content\/uploads\/2019\/08\/img_pmorata_20190825-214011_imagenes_md_propias_pmorata_fcbarcelonabetis2-kJGH-U478119310WQH-980x554@MundoDeportivo-Web-768x434.jpg 768w\" sizes=\"auto, (max-width: 980px) 100vw, 980px\" \/><\/p>\n<p><span style=\"color: #000000;\">Lionel Messi duket se do t\u00eb jasht\u00eb fush\u00ebs s\u00eb gjelb\u00ebr p\u00ebr rreth nj\u00eb muaj sipas raporteve t\u00eb fundit, pasi argjentinasi p\u00ebsoi nj\u00eb tjet\u00ebr d\u00ebmti. <\/span><span style=\"color: #000000;\">Fakti q\u00eb u st\u00ebrvit bashk\u00eb me grupin pak dit\u00eb para sfid\u00ebs Barcelona-Betis u mendua se sulmuesi argjentinas mund t\u00eb aktivizohej p\u00ebr disa minuta n\u00eb at\u00eb ndeshje, por Messi jo vet\u00ebm q\u00eb e ndoqi sfid\u00ebn andaluzian\u00ebve nga tribuna, por gj\u00ebndja e tij \u00ebsht\u00eb p\u00ebrkeq\u00ebsuar.<\/span><\/p>\n<p><span style=\"color: #000000;\">Sipas nj\u00eb raporti m\u00eb t\u00eb fundit, Messi ka vendosur t\u00eb mbetet jasht\u00eb p\u00ebr nj\u00eb muaj pasi p\u00ebsoi nj\u00eb d\u00ebmtim n\u00eb st\u00ebrvitje, vet\u00ebm pak jav\u00eb pas rikuperimit.<\/span><\/p>\n<p><span style=\"color: #000000;\">Si rezultat argjentinasi do t\u00eb humbas\u00eb sfid\u00ebn e k\u00ebsaj fundjave me Bar\u00e7\u00ebn por edhe debutimin n\u00eb Champions League.<\/span><\/p>\n<p><span style=\"color: #000000;\">Osasuna, Valencia, Granada dhe Villareal jan\u00eb 4 kund\u00ebrshtar\u00ebt e ardhsh\u00ebm t\u00eb Barcelon\u00ebs n\u00eb La Liga me Messin q\u00eb pritet t\u00eb mungoj\u00eb n\u00eb t\u00eb gjitha k\u00ebto takime.<\/span><\/p>\n<p><span style=\"color: #000000;\">Ky \u00ebsht\u00eb nj\u00eb lajm q\u00eb Barcelona nuk donte ta d\u00ebgjonte, pasi ka t\u00eb d\u00ebmtuar edhe Luis Suarez e Ousmane Dembele.<\/span><\/p>\n","protected":false,"gt_translate_keys":[{"key":"rendered","format":"html"}]},"excerpt":{"rendered":"<p>Lionel Messi duket se do t\u00eb jasht\u00eb fush\u00ebs s\u00eb gjelb\u00ebr p\u00ebr rreth nj\u00eb muaj sipas raporteve t\u00eb fundit, pasi argjentinasi p\u00ebsoi nj\u00eb tjet\u00ebr d\u00ebmti. Fakti q\u00eb u st\u00ebrvit bashk\u00eb me grupin pak dit\u00eb para sfid\u00ebs Barcelona-Betis u mendua se sulmuesi argjentinas mund t\u00eb aktivizohej p\u00ebr disa minuta n\u00eb at\u00eb ndeshje, por Messi jo vet\u00ebm q\u00eb [&hellip;]<\/p>\n","protected":false,"gt_translate_keys":[{"key":"rendered","format":"html"}]},"author":30,"featured_media":318215,"comment_status":"open","ping_status":"open","sticky":false,"template":"","format":"standard","meta":{"footnotes":""},"categories":[134],"tags":[],"class_list":["post-318213","post","type-post","status-publish","format-standard","has-post-thumbnail","hentry","category-sport"],"gt_translate_keys":[{"key":"link","format":"url"}],"_links":{"self":[{"href":"https:\/\/www.hashtag.al\/index.php\/wp-json\/wp\/v2\/posts\/318213","targetHints":{"allow":["GET"]}}],"collection":[{"href":"https:\/\/www.hashtag.al\/index.php\/wp-json\/wp\/v2\/posts"}],"about":[{"href":"https:\/\/www.hashtag.al\/index.php\/wp-json\/wp\/v2\/types\/post"}],"author":[{"embeddable":true,"href":"https:\/\/www.hashtag.al\/index.php\/wp-json\/wp\/v2\/users\/30"}],"replies":[{"embeddable":true,"href":"https:\/\/www.hashtag.al\/index.php\/wp-json\/wp\/v2\/comments?post=318213"}],"version-history":[{"count":0,"href":"https:\/\/www.hashtag.al\/index.php\/wp-json\/wp\/v2\/posts\/318213\/revisions"}],"wp:featuredmedia":[{"embeddable":true,"href":"https:\/\/www.hashtag.al\/index.php\/wp-json\/wp\/v2\/media\/318215"}],"wp:attachment":[{"href":"https:\/\/www.hashtag.al\/index.php\/wp-json\/wp\/v2\/media?parent=318213"}],"wp:term":[{"taxonomy":"category","embeddable":true,"href":"https:\/\/www.hashtag.al\/index.php\/wp-json\/wp\/v2\/categories?post=318213"},{"taxonomy":"post_tag","embeddable":true,"href":"https:\/\/www.hashtag.al\/index.php\/wp-json\/wp\/v2\/tags?post=318213"}],"curies":[{"name":"wp","href":"https:\/\/api.w.org\/{rel}","templated":true}]}}