{"id":318206,"date":"2019-08-28T15:31:02","date_gmt":"2019-08-28T13:31:02","guid":{"rendered":"https:\/\/hashtag.al\/?p=318206"},"modified":"2019-08-28T15:33:17","modified_gmt":"2019-08-28T13:33:17","slug":"bild-shperfill-avokatin-e-rames-nuk-i-kthen-pergjigje","status":"publish","type":"post","link":"https:\/\/www.hashtag.al\/index.php\/2019\/08\/28\/bild-shperfill-avokatin-e-rames-nuk-i-kthen-pergjigje\/","title":{"rendered":"&#8220;Bild&#8221; shp\u00ebrfill avokatin e Ram\u00ebs, nuk i kthen p\u00ebrgjigje","gt_translate_keys":[{"key":"rendered","format":"text"}]},"content":{"rendered":"<p><img loading=\"lazy\" decoding=\"async\" class=\"aligncenter size-full wp-image-318207\" src=\"https:\/\/hashtag.al\/wp-content\/uploads\/2019\/08\/Peter-Tiede-Edi-Rama-Bild.jpg\" alt=\"\" width=\"1920\" height=\"1080\" srcset=\"https:\/\/www.hashtag.al\/wp-content\/uploads\/2019\/08\/Peter-Tiede-Edi-Rama-Bild.jpg 1920w, https:\/\/www.hashtag.al\/wp-content\/uploads\/2019\/08\/Peter-Tiede-Edi-Rama-Bild-300x169.jpg 300w, https:\/\/www.hashtag.al\/wp-content\/uploads\/2019\/08\/Peter-Tiede-Edi-Rama-Bild-768x432.jpg 768w, https:\/\/www.hashtag.al\/wp-content\/uploads\/2019\/08\/Peter-Tiede-Edi-Rama-Bild-1024x576.jpg 1024w\" sizes=\"auto, (max-width: 1920px) 100vw, 1920px\" \/><\/p>\n<p><span style=\"color: #000000;\">Peter Tiede, gazetari gjerman q\u00eb publikoi p\u00ebrgjimet p\u00ebr blerjen e votave n\u00eb Durr\u00ebs dhe Dib\u00ebr, pohoi p\u00ebr Exit.al se gazeta Bild e ka shp\u00ebrfillur\u00a0dhe nuk i ka kthyer p\u00ebrgjigje nj\u00eb k\u00ebrkese d\u00ebrguar redaksis\u00eb nga avokati i Edi Ram\u00ebs.<\/span><\/p>\n<p><span style=\"color: #000000;\">Tiede publikoi nj\u00eb seri audio-p\u00ebrgjimesh ekskluzive muajt e fundit, n\u00eb t\u00eb cilat d\u00ebgjohen Kryeministri Edi Rama, ministra dhe zyrtar\u00eb t\u00eb lart\u00eb t\u00eb qeveris\u00eb teksa flisnin p\u00ebr blerje votash, korrupsion dhe frik\u00ebsim t\u00eb votuesve p\u00ebr t\u2019i detyruar t\u00eb votonin kandidat\u00ebt socialist\u00eb n\u00eb zgjedhjet n\u00eb Dib\u00ebr dhe Durr\u00ebs.<\/span><\/p>\n<p><span style=\"color: #000000;\">N\u00eb audio-p\u00ebrgjime, Rama dhe t\u00eb tjer\u00ebt d\u00ebgjoheshin teksa bashk\u00ebpunonin p\u00ebr t\u00eb siguruar q\u00eb Partia Socialiste t\u00eb fitonte zgjedhjet. N\u00eb p\u00ebrgjime d\u00ebgjoheshin dhe biseda mes politikan\u00ebve dhe trafikant\u00ebve t\u00eb drog\u00ebs, ku kuptohet se ata do t\u00eb siguronin vota n\u00eb favor t\u00eb PS-n\u00eb n\u00eb shk\u00ebmbim t\u00eb favoreve.<\/span><\/p>\n<p><span style=\"color: #000000;\">Megjith\u00ebse Rama pranoi se ishte z\u00ebri i tij n\u00eb ato p\u00ebrgjime, dhe se ai i kishte b\u00ebr\u00eb ato biseda, ai tha se kishte pun\u00ebsuar avokatin gjerman Matthias Prinz p\u00ebr t\u00eb paditur BILD-in dhe gazetarin Peter Tiede.<\/span><\/p>\n<p><span style=\"color: #000000;\">I kontaktuar nga Exit.al, Peter Tiede pranoi se redaksia e BILD-it ka marr\u00eb nj\u00eb let\u00ebr nga ana e p\u00ebrfaq\u00ebsuesve ligjor\u00eb t\u00eb Ram\u00ebs, por redaksia ka vendosur ta injoroj\u00eb at\u00eb.<\/span><\/p>\n<p><span style=\"color: #000000;\">Avokati i pun\u00ebsuar nga Rama \u00ebsht\u00eb i specializuar p\u00ebr menaxhimin e reputacionit dhe rastet e shfipjes. M\u00eb her\u00ebt ai ka mbrojtur dhe Familjen Mbret\u00ebrore Suedeze, Sulltanin e Bruneit, futbollistin e famsh\u00ebm David Beckham dhe kompanin\u00eb Volks\u00ebagen.<\/span><\/p>\n<p><span style=\"color: #000000;\">Ai\u00a0paguhet\u00a0rreth 750 euro n\u00eb or\u00eb \u2013 nj\u00eb shum\u00eb e lart\u00eb p\u00ebr nj\u00eb kryeminist\u00ebr q\u00eb fiton rreth 1400 euro n\u00eb muaj.<\/span><\/p>\n<p><span style=\"color: #000000;\">Postimit t\u00eb Ram\u00ebs n\u00eb Twitter, ku ky lajm\u00ebroi se kishte pun\u00ebsuar nj\u00eb avokat kund\u00ebr tij, gazetari Tiede iu p\u00ebrgjigj duke shkruar: \u201cP\u00ebr cfar\u00eb po akuzohem? Se paskam publikuar audio-p\u00ebrgjime t\u00eb v\u00ebrteta?\u201d<\/span><\/p>\n<p><span style=\"color: #000000;\">M\u00eb von\u00eb Tiede tha se duhet t\u00eb ishte ai vet\u00eb q\u00eb duhej ta padiste Ram\u00ebn p\u00ebr akuzat ndaj tij dhe BILD-it, <em>\u201cn\u00ebse do t\u00eb kisha qen\u00eb lule-mos-m\u00eb-prek si ai\u201d<\/em>. M\u00eb pas ai shtoi se <em>\u201cKush \u00ebsht\u00eb i zhytur n\u00eb m\u2026, natyrisht q\u00eb gjuan me\u00a0m\u2026\u201d.<\/em><\/span><\/p>\n<p><span style=\"color: #000000;\">Marrja e masave ligjore nga Rama kund\u00ebr Tiedes \u00ebsth\u00eb d\u00ebnuar gjer\u00ebsisht nga organizatat nd\u00ebrkomb\u00ebtare q\u00eb mbrojn\u00eb t\u00eb drejtat dhe lirin\u00eb e medias, sipas t\u00eb cilave Rama <em>\u201ci kupton \u00e7uditsh\u00ebm demokracin\u00eb dhe t\u00eb drejtat e njeriut.\u201d<\/em> Ata i kan\u00eb k\u00ebrkuar Ram\u00ebs q\u00eb t\u00eb t\u00ebrhiqet nga nisma p\u00ebr t\u00eb paditur gazetarin dhe gazet\u00ebn BILD.<\/span><\/p>\n<p><span style=\"color: #000000;\">Duket se p\u00ebrpjekja e Ram\u00ebs p\u00ebr t\u00eb frik\u00ebsuar BILD-in dhe Tieden ka pasur pak ndikim tek ata, pasi nuk duket se po e marrin seriozisht k\u00ebrc\u00ebnimin p\u00ebr ndjekje ligjore.<\/span><\/p>\n<p><span style=\"color: #000000;\">N\u00eb fakt, koh\u00ebt e fundit po qarkullojn\u00eb\u00a0 thashetheme se gazeta BILD do t\u00eb publikoj\u00eb p\u00ebrgjime t\u00eb reja n\u00eb shtator.<\/span><\/p>\n<p><strong><span style=\"color: #000000;\"><span style=\"color: #ff0000;\">VINI RE:<\/span> Ky artikull \u00ebsht\u00eb pron\u00ebsi intelektuale e <span style=\"color: #0000ff;\"><a style=\"color: #0000ff;\" href=\"https:\/\/exit.al\/2019\/08\/bild-shperfill-avokatin-te-rames-nuk-i-kthen-pergjigje\/\">Exit.al<\/a><\/span><\/span><\/strong><\/p>\n","protected":false,"gt_translate_keys":[{"key":"rendered","format":"html"}]},"excerpt":{"rendered":"<p>Peter Tiede, gazetari gjerman q\u00eb publikoi p\u00ebrgjimet p\u00ebr blerjen e votave n\u00eb Durr\u00ebs dhe Dib\u00ebr, pohoi p\u00ebr Exit.al se gazeta Bild e ka shp\u00ebrfillur\u00a0dhe nuk i ka kthyer p\u00ebrgjigje nj\u00eb k\u00ebrkese d\u00ebrguar redaksis\u00eb nga avokati i Edi Ram\u00ebs. Tiede publikoi nj\u00eb seri audio-p\u00ebrgjimesh ekskluzive muajt e fundit, n\u00eb t\u00eb cilat d\u00ebgjohen Kryeministri Edi Rama, ministra [&hellip;]<\/p>\n","protected":false,"gt_translate_keys":[{"key":"rendered","format":"html"}]},"author":30,"featured_media":318207,"comment_status":"open","ping_status":"open","sticky":false,"template":"","format":"standard","meta":{"footnotes":""},"categories":[65,13],"tags":[],"class_list":["post-318206","post","type-post","status-publish","format-standard","has-post-thumbnail","hentry","category-lajme","category-te-fundit"],"gt_translate_keys":[{"key":"link","format":"url"}],"_links":{"self":[{"href":"https:\/\/www.hashtag.al\/index.php\/wp-json\/wp\/v2\/posts\/318206","targetHints":{"allow":["GET"]}}],"collection":[{"href":"https:\/\/www.hashtag.al\/index.php\/wp-json\/wp\/v2\/posts"}],"about":[{"href":"https:\/\/www.hashtag.al\/index.php\/wp-json\/wp\/v2\/types\/post"}],"author":[{"embeddable":true,"href":"https:\/\/www.hashtag.al\/index.php\/wp-json\/wp\/v2\/users\/30"}],"replies":[{"embeddable":true,"href":"https:\/\/www.hashtag.al\/index.php\/wp-json\/wp\/v2\/comments?post=318206"}],"version-history":[{"count":0,"href":"https:\/\/www.hashtag.al\/index.php\/wp-json\/wp\/v2\/posts\/318206\/revisions"}],"wp:featuredmedia":[{"embeddable":true,"href":"https:\/\/www.hashtag.al\/index.php\/wp-json\/wp\/v2\/media\/318207"}],"wp:attachment":[{"href":"https:\/\/www.hashtag.al\/index.php\/wp-json\/wp\/v2\/media?parent=318206"}],"wp:term":[{"taxonomy":"category","embeddable":true,"href":"https:\/\/www.hashtag.al\/index.php\/wp-json\/wp\/v2\/categories?post=318206"},{"taxonomy":"post_tag","embeddable":true,"href":"https:\/\/www.hashtag.al\/index.php\/wp-json\/wp\/v2\/tags?post=318206"}],"curies":[{"name":"wp","href":"https:\/\/api.w.org\/{rel}","templated":true}]}}