{"id":318201,"date":"2019-08-28T15:16:30","date_gmt":"2019-08-28T13:16:30","guid":{"rendered":"https:\/\/hashtag.al\/?p=318201"},"modified":"2019-08-28T15:18:30","modified_gmt":"2019-08-28T13:18:30","slug":"gazeta-gjermane-se-shpejti-emra-te-rinj-ne-rastin-reket","status":"publish","type":"post","link":"https:\/\/www.hashtag.al\/index.php\/2019\/08\/28\/gazeta-gjermane-se-shpejti-emra-te-rinj-ne-rastin-reket\/","title":{"rendered":"Gazeta gjermane: S\u00eb shpejti emra t\u00eb rinj n\u00eb rastin &#8220;Reket&#8221;","gt_translate_keys":[{"key":"rendered","format":"text"}]},"content":{"rendered":"<p><img loading=\"lazy\" decoding=\"async\" class=\"aligncenter size-full wp-image-318202\" src=\"https:\/\/hashtag.al\/wp-content\/uploads\/2019\/08\/racket.jpg\" alt=\"\" width=\"700\" height=\"394\" srcset=\"https:\/\/www.hashtag.al\/wp-content\/uploads\/2019\/08\/racket.jpg 700w, https:\/\/www.hashtag.al\/wp-content\/uploads\/2019\/08\/racket-300x169.jpg 300w\" sizes=\"auto, (max-width: 700px) 100vw, 700px\" \/><\/p>\n<p><span style=\"color: #000000;\">Gazeta gjermane &#8220;Deutche Welle&#8221; shkruan se \u00ebsht\u00eb mundur q\u00eb s\u00eb shpejti edhe persona tjer\u00eb t\u00eb p\u00ebrfshihen n\u00eb hetimin p\u00ebr rastin \u201cReket\u201d.<\/span><\/p>\n<p><span style=\"color: #000000;\">Sipas <span style=\"color: #0000ff;\"><a style=\"color: #0000ff;\" href=\"https:\/\/www.dw.com\/mk\/%D0%B8%D1%81%D1%82%D1%80%D0%B0%D0%B3%D0%B0%D1%82%D0%B0-%D0%B7%D0%B0-%D1%80%D0%B5%D0%BA%D0%B5%D1%82-%D1%9C%D0%B5-%D1%81%D0%B5-%D1%88%D0%B8%D1%80%D0%B8\/a-50193473\">DW<\/a><\/span>, ata dyshohen se jan\u00eb bashk\u00ebpun\u00ebtor\u00eb t\u00eb nj\u00eb prej t\u00eb dyshuarve, emrat e t\u00eb cil\u00ebve jan\u00eb cituar n\u00eb disa nga d\u00ebshmit\u00eb e deritanishme.<\/span><\/p>\n<p><span style=\"color: #000000;\">Deri m\u00eb tani nuk ka asnj\u00eb p\u00ebrgjigje n\u00ebse kjo mund t\u00eb ket\u00eb lidhje me nj\u00eb deklarat\u00eb t\u00eb b\u00ebr\u00eb nj\u00eb jav\u00eb m\u00eb par\u00eb nga pensionistja Liljana Todorovska, e cila \u00ebsht\u00eb autore e ides\u00eb p\u00ebr t\u00eb nd\u00ebrtuar nj\u00eb Kompleks Evropian p\u00ebr Persona t\u00eb Rritur, ide e cila \u00ebsht\u00eb futur n\u00ebp\u00ebrmjet organizat\u00ebs joqeveritare \u201cLidhja Nd\u00ebrkomb\u00ebtare\u201d e Bojan Jovanovskit. N\u00eb baz\u00eb t\u00eb marr\u00ebveshjes me organizat\u00ebn, Todorovsk\u00ebs n\u00eb llogari bankare i jan\u00eb transferuar 720.000 euro, t\u00eb cilat, pas t\u00ebrheqjes menj\u00ebher\u00eb i jan\u00eb marr\u00eb prej bashk\u00ebpun\u00ebtor\u00ebve t\u00eb Jovanovskit. Pasi rasti \u201cReket\u201d e ka nxjerr\u00eb n\u00eb pah edhe k\u00ebt\u00eb episod, Todorovska p\u00ebr media ka deklaruar se \u00ebsht\u00eb vjedhur.<\/span><\/p>\n<p><span style=\"color: #000000;\">Dhe nga deklaratat e d\u00ebshmitar\u00ebve varet se n\u00eb \u00e7far\u00eb gjer\u00ebsie do t\u00eb zgjerohet hetimi p\u00ebr rastin. Prokurorja Ruskoska, dje deklaroi se ende po punohet n\u00eb hetimin financiar dhe p\u00ebr nj\u00eb pjes\u00eb t\u00eb parave e din\u00eb ku jan\u00eb, nd\u00ebrkaq p\u00ebr nj\u00eb pjes\u00eb tjet\u00ebr po punojn\u00eb.<\/span><\/p>\n<p><span style=\"color: #000000;\">P\u00ebrndryshe, n\u00eb skandalin e zhvatjes, p\u00ebrpos prokurores speciale Katica Janeva, e cila tashm\u00eb ndodhet n\u00eb burg, t\u00eb dyshuar jan\u00eb edhe dy persona, Bojan Jovanovski, i njohur me nofk\u00ebn \u201cBoki 13\u201ddhe Zoran Milevski, i njohur si Zoki Ki\u00e7eec, t\u00eb cil\u00ebt dyshohet se kan\u00eb zhvatur biznesmen\u00eb n\u00ebp\u00ebrmjet Janev\u00ebs.<\/span><\/p>\n<p><span style=\"color: #000000;\">Dyshimet e prokuroris\u00eb jan\u00eb se ata kan\u00eb marr\u00eb 1,5 milion\u00eb euro vet\u00ebm nga biznesmeni Orce Kam\u00e7ev p\u00ebr t\u2019ia leht\u00ebsuar procedur\u00ebn hetimore p\u00ebr pastrim parash n\u00eb l\u00ebnd\u00ebn \u201cPerandoria\u201d, nd\u00ebrsa duhej t\u00eb merrnin edhe 4,5 milion\u00eb euro t\u00eb tjera, gjithsej 8 milion\u00eb. Gazeta italiane \u201cLa Verita\u201d ka publikuar disa video-audio materiale, n\u00eb t\u00eb cilat shihet se si Boki 13 dhe Zoki Ki\u00e7eec marrin parat\u00eb prej biznesmenit Orce Kam\u00e7ev n\u00eb sht\u00ebpin\u00eb e tij.<\/span><\/p>\n<p><strong><span style=\"color: #000000;\"><span style=\"color: #ff0000;\">VINI RE:<\/span> Ky artikull \u00ebsht\u00eb pron\u00ebsi intelektuale e <span style=\"color: #0000ff;\"><a style=\"color: #0000ff;\" href=\"https:\/\/www.dw.com\/mk\/%D0%B8%D1%81%D1%82%D1%80%D0%B0%D0%B3%D0%B0%D1%82%D0%B0-%D0%B7%D0%B0-%D1%80%D0%B5%D0%BA%D0%B5%D1%82-%D1%9C%D0%B5-%D1%81%D0%B5-%D1%88%D0%B8%D1%80%D0%B8\/a-50193473\">Deutche Welle<\/a><\/span><\/span><\/strong><\/p>\n<p>&nbsp;<\/p>\n","protected":false,"gt_translate_keys":[{"key":"rendered","format":"html"}]},"excerpt":{"rendered":"<p>Gazeta gjermane &#8220;Deutche Welle&#8221; shkruan se \u00ebsht\u00eb mundur q\u00eb s\u00eb shpejti edhe persona tjer\u00eb t\u00eb p\u00ebrfshihen n\u00eb hetimin p\u00ebr rastin \u201cReket\u201d. Sipas DW, ata dyshohen se jan\u00eb bashk\u00ebpun\u00ebtor\u00eb t\u00eb nj\u00eb prej t\u00eb dyshuarve, emrat e t\u00eb cil\u00ebve jan\u00eb cituar n\u00eb disa nga d\u00ebshmit\u00eb e deritanishme. Deri m\u00eb tani nuk ka asnj\u00eb p\u00ebrgjigje n\u00ebse kjo mund [&hellip;]<\/p>\n","protected":false,"gt_translate_keys":[{"key":"rendered","format":"html"}]},"author":30,"featured_media":318202,"comment_status":"open","ping_status":"open","sticky":false,"template":"","format":"standard","meta":{"footnotes":""},"categories":[149,65],"tags":[],"class_list":["post-318201","post","type-post","status-publish","format-standard","has-post-thumbnail","hentry","category-kosoverajon","category-lajme"],"gt_translate_keys":[{"key":"link","format":"url"}],"_links":{"self":[{"href":"https:\/\/www.hashtag.al\/index.php\/wp-json\/wp\/v2\/posts\/318201","targetHints":{"allow":["GET"]}}],"collection":[{"href":"https:\/\/www.hashtag.al\/index.php\/wp-json\/wp\/v2\/posts"}],"about":[{"href":"https:\/\/www.hashtag.al\/index.php\/wp-json\/wp\/v2\/types\/post"}],"author":[{"embeddable":true,"href":"https:\/\/www.hashtag.al\/index.php\/wp-json\/wp\/v2\/users\/30"}],"replies":[{"embeddable":true,"href":"https:\/\/www.hashtag.al\/index.php\/wp-json\/wp\/v2\/comments?post=318201"}],"version-history":[{"count":0,"href":"https:\/\/www.hashtag.al\/index.php\/wp-json\/wp\/v2\/posts\/318201\/revisions"}],"wp:featuredmedia":[{"embeddable":true,"href":"https:\/\/www.hashtag.al\/index.php\/wp-json\/wp\/v2\/media\/318202"}],"wp:attachment":[{"href":"https:\/\/www.hashtag.al\/index.php\/wp-json\/wp\/v2\/media?parent=318201"}],"wp:term":[{"taxonomy":"category","embeddable":true,"href":"https:\/\/www.hashtag.al\/index.php\/wp-json\/wp\/v2\/categories?post=318201"},{"taxonomy":"post_tag","embeddable":true,"href":"https:\/\/www.hashtag.al\/index.php\/wp-json\/wp\/v2\/tags?post=318201"}],"curies":[{"name":"wp","href":"https:\/\/api.w.org\/{rel}","templated":true}]}}