{"id":317819,"date":"2019-08-26T16:19:07","date_gmt":"2019-08-26T14:19:07","guid":{"rendered":"https:\/\/hashtag.al\/?p=317819"},"modified":"2019-08-26T16:19:07","modified_gmt":"2019-08-26T14:19:07","slug":"kur-rama-deklaronte-gimi-eshte-si-puna-ime-video","status":"publish","type":"post","link":"https:\/\/www.hashtag.al\/index.php\/2019\/08\/26\/kur-rama-deklaronte-gimi-eshte-si-puna-ime-video\/","title":{"rendered":"Kur Rama deklaronte: Gimi \u00ebsht\u00eb si puna ime (Video)","gt_translate_keys":[{"key":"rendered","format":"text"}]},"content":{"rendered":"<p><img loading=\"lazy\" decoding=\"async\" class=\"aligncenter size-full wp-image-317820\" src=\"https:\/\/hashtag.al\/wp-content\/uploads\/2019\/08\/Rama26gusht.jpg\" alt=\"\" width=\"770\" height=\"433\" srcset=\"https:\/\/www.hashtag.al\/wp-content\/uploads\/2019\/08\/Rama26gusht.jpg 770w, https:\/\/www.hashtag.al\/wp-content\/uploads\/2019\/08\/Rama26gusht-300x169.jpg 300w, https:\/\/www.hashtag.al\/wp-content\/uploads\/2019\/08\/Rama26gusht-768x432.jpg 768w\" sizes=\"auto, (max-width: 770px) 100vw, 770px\" \/><\/p>\n<p><span style=\"color: #000000;\">Kryeministri Rama deklaronte n\u00eb fushat\u00ebn elektorale p\u00ebr votimet e 30 qershorit se kandidati p\u00ebr Vor\u00ebn, Agim Kajmaku, ishte si ai, kok\u00ebfort\u00eb.<\/span><\/p>\n<p><span style=\"color: #000000;\"><em>\u201cGimi nuk \u00ebsht\u00eb Doktor Shkencash, Gimi \u00ebsht\u00eb si puna ime.\u201d<\/em> &#8211; deklaronte Rama kur prezantonte Kajmakun.<\/span><\/p>\n<p><span style=\"color: #000000;\">T\u00eb nj\u00ebjt\u00ebn gj\u00eb do deklaronte edhe ministrja e Infrastruktur\u00ebs, Balluku, teksa e prezantonte Agim Kajmakun.<\/span><\/p>\n<p><span style=\"color: #000000;\"><em>\u201cAgim Kajmaku \u00ebsht\u00eb personi i duhur q\u00eb duhet votuar.\u201d<\/em> &#8211; deklaronte Balluku gjat\u00eb fushat\u00ebs.<\/span><\/p>\n<p><span style=\"color: #000000;\">Partia Demokratike publikoi sot disa dokumente duke deklaruar se Agim Kajmaku ka dosje t\u00eb hapur n\u00eb Greqi dhe \u00ebsht\u00eb arrestuar n\u00eb vendin fqinj ku akuzohet p\u00ebr falsifikim monedhash.<\/span><\/p>\n<div style=\"width: 640px;\" class=\"wp-video\"><video class=\"wp-video-shortcode\" id=\"video-317819-1\" width=\"640\" height=\"362\" preload=\"metadata\" controls=\"controls\"><source type=\"video\/mp4\" src=\"https:\/\/hashtag.al\/wp-content\/uploads\/2019\/08\/ama26gusht.mp4?_=1\" \/><a href=\"https:\/\/hashtag.al\/wp-content\/uploads\/2019\/08\/ama26gusht.mp4\">https:\/\/hashtag.al\/wp-content\/uploads\/2019\/08\/ama26gusht.mp4<\/a><\/video><\/div>\n","protected":false,"gt_translate_keys":[{"key":"rendered","format":"html"}]},"excerpt":{"rendered":"<p>Kryeministri Rama deklaronte n\u00eb fushat\u00ebn elektorale p\u00ebr votimet e 30 qershorit se kandidati p\u00ebr Vor\u00ebn, Agim Kajmaku, ishte si ai, kok\u00ebfort\u00eb. \u201cGimi nuk \u00ebsht\u00eb Doktor Shkencash, Gimi \u00ebsht\u00eb si puna ime.\u201d &#8211; deklaronte Rama kur prezantonte Kajmakun. T\u00eb nj\u00ebjt\u00ebn gj\u00eb do deklaronte edhe ministrja e Infrastruktur\u00ebs, Balluku, teksa e prezantonte Agim Kajmakun. \u201cAgim Kajmaku \u00ebsht\u00eb [&hellip;]<\/p>\n","protected":false,"gt_translate_keys":[{"key":"rendered","format":"html"}]},"author":51,"featured_media":317821,"comment_status":"open","ping_status":"open","sticky":false,"template":"","format":"standard","meta":{"footnotes":""},"categories":[65,13],"tags":[],"class_list":["post-317819","post","type-post","status-publish","format-standard","has-post-thumbnail","hentry","category-lajme","category-te-fundit"],"gt_translate_keys":[{"key":"link","format":"url"}],"_links":{"self":[{"href":"https:\/\/www.hashtag.al\/index.php\/wp-json\/wp\/v2\/posts\/317819","targetHints":{"allow":["GET"]}}],"collection":[{"href":"https:\/\/www.hashtag.al\/index.php\/wp-json\/wp\/v2\/posts"}],"about":[{"href":"https:\/\/www.hashtag.al\/index.php\/wp-json\/wp\/v2\/types\/post"}],"author":[{"embeddable":true,"href":"https:\/\/www.hashtag.al\/index.php\/wp-json\/wp\/v2\/users\/51"}],"replies":[{"embeddable":true,"href":"https:\/\/www.hashtag.al\/index.php\/wp-json\/wp\/v2\/comments?post=317819"}],"version-history":[{"count":0,"href":"https:\/\/www.hashtag.al\/index.php\/wp-json\/wp\/v2\/posts\/317819\/revisions"}],"wp:featuredmedia":[{"embeddable":true,"href":"https:\/\/www.hashtag.al\/index.php\/wp-json\/wp\/v2\/media\/317821"}],"wp:attachment":[{"href":"https:\/\/www.hashtag.al\/index.php\/wp-json\/wp\/v2\/media?parent=317819"}],"wp:term":[{"taxonomy":"category","embeddable":true,"href":"https:\/\/www.hashtag.al\/index.php\/wp-json\/wp\/v2\/categories?post=317819"},{"taxonomy":"post_tag","embeddable":true,"href":"https:\/\/www.hashtag.al\/index.php\/wp-json\/wp\/v2\/tags?post=317819"}],"curies":[{"name":"wp","href":"https:\/\/api.w.org\/{rel}","templated":true}]}}