{"id":317690,"date":"2019-08-25T22:08:27","date_gmt":"2019-08-25T20:08:27","guid":{"rendered":"https:\/\/hashtag.al\/?p=317690"},"modified":"2019-08-25T22:08:27","modified_gmt":"2019-08-25T20:08:27","slug":"apple-e-samsung-paditen-lidhur-me-rreziku-e-kancerit-nga-radiacioni-i-celulareve","status":"publish","type":"post","link":"https:\/\/www.hashtag.al\/index.php\/2019\/08\/25\/apple-e-samsung-paditen-lidhur-me-rreziku-e-kancerit-nga-radiacioni-i-celulareve\/","title":{"rendered":"&#8216;Apple&#8217; e &#8216;Samsung&#8217; paditen lidhur me rreziku e kancerit nga radiacioni i celular\u00ebve","gt_translate_keys":[{"key":"rendered","format":"text"}]},"content":{"rendered":"<p><img loading=\"lazy\" decoding=\"async\" class=\"aligncenter size-full wp-image-317691\" src=\"https:\/\/hashtag.al\/wp-content\/uploads\/2019\/08\/apple25gusht.jpg\" alt=\"\" width=\"980\" height=\"551\" srcset=\"https:\/\/www.hashtag.al\/wp-content\/uploads\/2019\/08\/apple25gusht.jpg 980w, https:\/\/www.hashtag.al\/wp-content\/uploads\/2019\/08\/apple25gusht-300x169.jpg 300w, https:\/\/www.hashtag.al\/wp-content\/uploads\/2019\/08\/apple25gusht-768x432.jpg 768w\" sizes=\"auto, (max-width: 980px) 100vw, 980px\" \/><\/p>\n<p><span style=\"color: #000000;\">&#8216;Apple&#8217; dhe &#8216;Samsung&#8217; jan\u00eb akuzuar lidhur me pretendimet q\u00eb telefonat e tyre i ekspozojn\u00eb p\u00ebrdoruesit ndaj emetimeve t\u00eb frekuenc\u00ebs s\u00eb radios deri n\u00eb 500 p\u00ebrqind p\u00ebrtej kufijve federale. <\/span><\/p>\n<p><span style=\"color: #000000;\">Nd\u00ebrkoh\u00eb, debati p\u00ebr sh\u00ebndetin rreth telefonave smart ka nisur t\u00eb nxehet.<\/span><\/p>\n<p><span style=\"color: #000000;\">Pas nj\u00eb hetimi nga \u2018Chicago Tribune\u2019, pretendohet se emetimet e Radio Frekuenc\u00ebs (RF) t\u00eb nj\u00eb numri t\u00eb telefonave Apple dhe Samsung &#8211; midis tyre iPhone 8, iPhone X dhe Galaxy S8 &#8211; &#8220;tejkalojn\u00eb udh\u00ebzimet federale&#8221;. <\/span><\/p>\n<p><span style=\"color: #000000;\">Rreziqet e niveleve t\u00eb tilla t\u00eb rrezatimit, p\u00ebrfshijn\u00eb <em>\u2018rritjen e rrezikut t\u00eb kancerit, stresin qelizor, d\u00ebmtimet gjenetike, defektet e t\u00eb m\u00ebsuarit dhe t\u00eb kujtes\u00ebs, \u00e7rregullimet neurologjike\u2019<\/em>, dhe nj\u00eb list\u00eb problemesh t\u00eb tjera mjek\u00ebsore.<\/span><\/p>\n<p><span style=\"color: #000000;\">Komisioni Federal i Komunikimit (FCC) teston telefonat sipas &#8216;Shkall\u00ebs Specifike t\u00eb Absorbimit&#8217; t\u00eb matur n\u00eb vat energji p\u00ebr kilogram t\u00eb indeve t\u00eb trupit. <\/span><\/p>\n<p><span style=\"color: #000000;\">Asnj\u00eb telefon i shitur n\u00eb Amerik\u00eb nuk mund t\u00eb kaloj\u00eb 1.6 w \/ kg, nd\u00ebrsa rregullator\u00ebt evropian\u00eb lejojn\u00eb deri n\u00eb 2w \/ kg. Sidoqoft\u00eb, aktivist\u00ebt e sh\u00ebndetit i konsiderojn\u00eb k\u00ebto nivele t\u00eb vjetruara.<\/span><\/p>\n<p><span style=\"color: #000000;\"> N\u00eb t\u00eb v\u00ebrtet\u00eb, udh\u00ebzimet e FCC u vendos\u00ebn s\u00eb bashku n\u00eb 1997, dhe kryesisht u bazuan n\u00eb provat e kryera nga ushtria amerikane mbi kok\u00ebn e nj\u00eb ushtari 100 kg.<\/span><\/p>\n<p>&nbsp;<\/p>\n","protected":false,"gt_translate_keys":[{"key":"rendered","format":"html"}]},"excerpt":{"rendered":"<p>&#8216;Apple&#8217; dhe &#8216;Samsung&#8217; jan\u00eb akuzuar lidhur me pretendimet q\u00eb telefonat e tyre i ekspozojn\u00eb p\u00ebrdoruesit ndaj emetimeve t\u00eb frekuenc\u00ebs s\u00eb radios deri n\u00eb 500 p\u00ebrqind p\u00ebrtej kufijve federale. Nd\u00ebrkoh\u00eb, debati p\u00ebr sh\u00ebndetin rreth telefonave smart ka nisur t\u00eb nxehet. Pas nj\u00eb hetimi nga \u2018Chicago Tribune\u2019, pretendohet se emetimet e Radio Frekuenc\u00ebs (RF) t\u00eb nj\u00eb numri [&hellip;]<\/p>\n","protected":false,"gt_translate_keys":[{"key":"rendered","format":"html"}]},"author":51,"featured_media":317691,"comment_status":"open","ping_status":"open","sticky":false,"template":"","format":"standard","meta":{"footnotes":""},"categories":[6],"tags":[],"class_list":["post-317690","post","type-post","status-publish","format-standard","has-post-thumbnail","hentry","category-nderkombetare"],"gt_translate_keys":[{"key":"link","format":"url"}],"_links":{"self":[{"href":"https:\/\/www.hashtag.al\/index.php\/wp-json\/wp\/v2\/posts\/317690","targetHints":{"allow":["GET"]}}],"collection":[{"href":"https:\/\/www.hashtag.al\/index.php\/wp-json\/wp\/v2\/posts"}],"about":[{"href":"https:\/\/www.hashtag.al\/index.php\/wp-json\/wp\/v2\/types\/post"}],"author":[{"embeddable":true,"href":"https:\/\/www.hashtag.al\/index.php\/wp-json\/wp\/v2\/users\/51"}],"replies":[{"embeddable":true,"href":"https:\/\/www.hashtag.al\/index.php\/wp-json\/wp\/v2\/comments?post=317690"}],"version-history":[{"count":0,"href":"https:\/\/www.hashtag.al\/index.php\/wp-json\/wp\/v2\/posts\/317690\/revisions"}],"wp:featuredmedia":[{"embeddable":true,"href":"https:\/\/www.hashtag.al\/index.php\/wp-json\/wp\/v2\/media\/317691"}],"wp:attachment":[{"href":"https:\/\/www.hashtag.al\/index.php\/wp-json\/wp\/v2\/media?parent=317690"}],"wp:term":[{"taxonomy":"category","embeddable":true,"href":"https:\/\/www.hashtag.al\/index.php\/wp-json\/wp\/v2\/categories?post=317690"},{"taxonomy":"post_tag","embeddable":true,"href":"https:\/\/www.hashtag.al\/index.php\/wp-json\/wp\/v2\/tags?post=317690"}],"curies":[{"name":"wp","href":"https:\/\/api.w.org\/{rel}","templated":true}]}}