{"id":317297,"date":"2019-08-23T13:36:50","date_gmt":"2019-08-23T11:36:50","guid":{"rendered":"https:\/\/hashtag.al\/?p=317297"},"modified":"2019-08-23T13:37:47","modified_gmt":"2019-08-23T11:37:47","slug":"zjarret-ne-vend-meta-fa-dhe-emergjencat-civile-te-marrin-masa-qytetaret-ne-rrezik","status":"publish","type":"post","link":"https:\/\/www.hashtag.al\/index.php\/2019\/08\/23\/zjarret-ne-vend-meta-fa-dhe-emergjencat-civile-te-marrin-masa-qytetaret-ne-rrezik\/","title":{"rendered":"Zjarret n\u00eb vend, Meta: FA dhe Emergjencat Civile t\u00eb marrin masa, qytetar\u00ebt n\u00eb rrezik","gt_translate_keys":[{"key":"rendered","format":"text"}]},"content":{"rendered":"<p><img loading=\"lazy\" decoding=\"async\" class=\"aligncenter size-full wp-image-314553\" src=\"https:\/\/hashtag.al\/wp-content\/uploads\/2019\/08\/meta8gusht.jpg\" alt=\"\" width=\"2048\" height=\"1579\" srcset=\"https:\/\/www.hashtag.al\/wp-content\/uploads\/2019\/08\/meta8gusht.jpg 2048w, https:\/\/www.hashtag.al\/wp-content\/uploads\/2019\/08\/meta8gusht-300x231.jpg 300w, https:\/\/www.hashtag.al\/wp-content\/uploads\/2019\/08\/meta8gusht-768x592.jpg 768w, https:\/\/www.hashtag.al\/wp-content\/uploads\/2019\/08\/meta8gusht-1024x790.jpg 1024w\" sizes=\"auto, (max-width: 2048px) 100vw, 2048px\" \/><\/p>\n<p><span style=\"color: #000000;\">Presidenti i vendit Ilir Meta, ka reaguar lidhur me situat\u00ebn e r\u00ebnduar n\u00eb vend, ku ka disa vatra zjarresh n\u00eb qarkun e Lezh\u00ebs dhe t\u00eb Gjirokastr\u00ebs.<\/span><\/p>\n<p><span style=\"color: #000000;\">Meta u b\u00ebn thirrje Forcave t\u00eb Armatosura dhe emergjencave Civile, q\u00eb r\u00eb marrin masa p\u00ebr neutralizimin e flak\u00ebve.<\/span><\/p>\n<p><em><span style=\"color: #000000;\">\u201cPresidenti i Republik\u00ebs, Sh.T.Z. Ilir Meta \u00ebsht\u00eb duke ndjekur me shum\u00eb shqet\u00ebsim situat\u00ebn aktuale t\u00eb shkaktuar nga p\u00ebrhapja masive e zjarreve n\u00eb disa qarqe t\u00eb vendit, ve\u00e7an\u00ebrisht n\u00eb Gjirokast\u00ebr dhe Lezh\u00eb.<\/span><\/em><\/p>\n<p><em><span style=\"color: #000000;\">Presidenti Meta inkurajon personelin e Forcave t\u00eb Armatosura dhe t\u00eb Ministris\u00eb s\u00eb Brendshme, nj\u00ebsit\u00eb e Emergjencave Civile, si dhe drejtuesit e pushtetit vendor n\u00eb k\u00ebto qarqe, p\u00ebr marrjen e menj\u00ebhershme t\u00eb t\u00eb gjitha masave efektive t\u00eb emergjenc\u00ebs, p\u00ebr t\u00eb neutralizuar vatrat e zjarrit dhe p\u00ebr t\u2019iu ndodhur pran\u00eb qytetar\u00ebve t\u00eb cil\u00ebt mund t\u00eb rrezikohen nga p\u00ebrhapja masive e tyre.<\/span><\/em><\/p>\n<p><span style=\"color: #000000;\"><em>Presidenti Meta duke theksuar r\u00ebnd\u00ebsin\u00eb e ruajtjes s\u00eb mjedisit dhe t\u00eb natyr\u00ebs, u b\u00ebn thirrje dhe nxit institucionalisht autoritetet qendrore e vendore, p\u00ebr koordinimin n\u00eb koh\u00eb, me q\u00ebllimin p\u00ebrballimin me efektivitet t\u00eb situat\u00ebs, p\u00ebr t\u2019u ardhur n\u00eb ndihm\u00eb zonave t\u00eb prekura nga zjarret, ve\u00e7an\u00ebrisht p\u00ebr eliminimin e rrezikut p\u00ebr jet\u00ebt e qytetar\u00ebve.\u201d,<\/em> shkruan Meta.<\/span><\/p>\n","protected":false,"gt_translate_keys":[{"key":"rendered","format":"html"}]},"excerpt":{"rendered":"<p>Presidenti i vendit Ilir Meta, ka reaguar lidhur me situat\u00ebn e r\u00ebnduar n\u00eb vend, ku ka disa vatra zjarresh n\u00eb qarkun e Lezh\u00ebs dhe t\u00eb Gjirokastr\u00ebs. Meta u b\u00ebn thirrje Forcave t\u00eb Armatosura dhe emergjencave Civile, q\u00eb r\u00eb marrin masa p\u00ebr neutralizimin e flak\u00ebve. \u201cPresidenti i Republik\u00ebs, Sh.T.Z. Ilir Meta \u00ebsht\u00eb duke ndjekur me shum\u00eb [&hellip;]<\/p>\n","protected":false,"gt_translate_keys":[{"key":"rendered","format":"html"}]},"author":30,"featured_media":312756,"comment_status":"open","ping_status":"open","sticky":false,"template":"","format":"standard","meta":{"footnotes":""},"categories":[65,13],"tags":[],"class_list":["post-317297","post","type-post","status-publish","format-standard","has-post-thumbnail","hentry","category-lajme","category-te-fundit"],"gt_translate_keys":[{"key":"link","format":"url"}],"_links":{"self":[{"href":"https:\/\/www.hashtag.al\/index.php\/wp-json\/wp\/v2\/posts\/317297","targetHints":{"allow":["GET"]}}],"collection":[{"href":"https:\/\/www.hashtag.al\/index.php\/wp-json\/wp\/v2\/posts"}],"about":[{"href":"https:\/\/www.hashtag.al\/index.php\/wp-json\/wp\/v2\/types\/post"}],"author":[{"embeddable":true,"href":"https:\/\/www.hashtag.al\/index.php\/wp-json\/wp\/v2\/users\/30"}],"replies":[{"embeddable":true,"href":"https:\/\/www.hashtag.al\/index.php\/wp-json\/wp\/v2\/comments?post=317297"}],"version-history":[{"count":0,"href":"https:\/\/www.hashtag.al\/index.php\/wp-json\/wp\/v2\/posts\/317297\/revisions"}],"wp:featuredmedia":[{"embeddable":true,"href":"https:\/\/www.hashtag.al\/index.php\/wp-json\/wp\/v2\/media\/312756"}],"wp:attachment":[{"href":"https:\/\/www.hashtag.al\/index.php\/wp-json\/wp\/v2\/media?parent=317297"}],"wp:term":[{"taxonomy":"category","embeddable":true,"href":"https:\/\/www.hashtag.al\/index.php\/wp-json\/wp\/v2\/categories?post=317297"},{"taxonomy":"post_tag","embeddable":true,"href":"https:\/\/www.hashtag.al\/index.php\/wp-json\/wp\/v2\/tags?post=317297"}],"curies":[{"name":"wp","href":"https:\/\/api.w.org\/{rel}","templated":true}]}}