{"id":317055,"date":"2019-08-22T11:47:34","date_gmt":"2019-08-22T09:47:34","guid":{"rendered":"https:\/\/hashtag.al\/?p=317055"},"modified":"2019-08-22T11:50:04","modified_gmt":"2019-08-22T09:50:04","slug":"truprojet-e-kadri-veselit-nxjerrin-me-dhune-nga-lokali-gazetarin-dhe-kameramanin-video","status":"publish","type":"post","link":"https:\/\/www.hashtag.al\/index.php\/2019\/08\/22\/truprojet-e-kadri-veselit-nxjerrin-me-dhune-nga-lokali-gazetarin-dhe-kameramanin-video\/","title":{"rendered":"Truprojet e Kadri Veselit nxjerrin me dhun\u00eb nga lokali gazetarin dhe kameramanin (VIDEO)","gt_translate_keys":[{"key":"rendered","format":"text"}]},"content":{"rendered":"<p><img loading=\"lazy\" decoding=\"async\" class=\"aligncenter size-full wp-image-317056\" src=\"https:\/\/hashtag.al\/wp-content\/uploads\/2019\/08\/sulmii1-600x360-1.jpg\" alt=\"\" width=\"600\" height=\"360\" srcset=\"https:\/\/www.hashtag.al\/wp-content\/uploads\/2019\/08\/sulmii1-600x360-1.jpg 600w, https:\/\/www.hashtag.al\/wp-content\/uploads\/2019\/08\/sulmii1-600x360-1-300x180.jpg 300w\" sizes=\"auto, (max-width: 600px) 100vw, 600px\" \/><\/p>\n<p><span style=\"color: #000000;\">Nj\u00eb gazetar dhe nj\u00eb kameraman jan\u00eb nxjerr\u00eb me dhun\u00eb <\/span><span style=\"color: #000000;\">nga nj\u00eb lokal n\u00eb Prishtin\u00eb,<\/span><span style=\"color: #000000;\"> nga truprojet e kreut t\u00eb PDK-s\u00eb Kadri Veseli.<\/span><\/p>\n<p><span style=\"color: #000000;\">Gazetari i T7, Mirlind Behluli, po raportonte nga lokali ku po q\u00ebndronte Veseli dhe \u00ebsht\u00eb sulmuar m\u00eb pas nga sigurimi e \u00ebsht\u00eb nxjerr\u00eb jasht\u00eb gjat\u00eb transmetimit live.<\/span><\/p>\n<p><span style=\"color: #000000;\">Videoja e publikuar nga mediat n\u00eb Kosov\u00eb nuk i tregojn\u00eb truprojet duke goditur gazetarin, por vet\u00ebm n\u00eb nj\u00eb fragment kamera p\u00ebrmbyset dhe shk\u00ebputet pamja n\u00eb transmetim. <\/span><\/p>\n<p><span style=\"color: #000000;\">Sipas gazetarit, truprojet e Veselit e kan\u00eb goditur at\u00eb pas koke.<\/span><\/p>\n<p><span style=\"color: #000000;\">Gazetari vet\u00eb ka folur p\u00ebr ngjarjen, p\u00ebr t\u00eb cil\u00ebn ka shtuar se Veselit nuk i ka b\u00ebr\u00eb p\u00ebrshtypje sjellja e truprojeve dhe s\u2019ka patur asnj\u00eb reagim nga ana e tij.<\/span><\/p>\n<p><span style=\"color: #000000;\"><em>\u00a0\u201cVeseli ka l\u00ebshuar lokalin ku po pinte kafe. Ne tentuam ta kemi Veselin n\u00eb nj\u00eb prononcim. Por ai nuk qe i gatsh\u00ebm t\u00eb jap\u00eb deklarat\u00eb p\u00ebr T7. Un\u00eb m\u00eb her\u00ebt ju informova q\u00eb ekipi i T7 u sulmua nga sigurimi. Si\u00e7 duket, Veselit nuk i b\u00ebri p\u00ebrshtypje q\u00eb u sulmua ekipi i televizionit nga truproja i tij. I nj\u00ebjti person q\u00eb na sulmoi ishte me Veselin dhe duke hipur n\u00eb vetur\u00eb e b\u00ebri simbolin e PDK-s\u00eb\u201d,<\/em> ka deklaruar Behluli.<\/span><\/p>\n<div class=\"prime-box w-100 clear\">\n<article class=\"clear no-gutters mgb-20 news-content\">\n<div class=\"row clear\">\n<article class=\"news-content\"><iframe loading=\"lazy\" src=\"https:\/\/video.gjirafa.com\/embed\/gazetari-i-t7-mirlind-behluli-sulmohet-nga-truprojet-e-kadri-veselit\" width=\"560px\" height=\"315px\" frameborder=\"0\" allowfullscreen=\"allowfullscreen\" data-mce-fragment=\"1\"><\/iframe><\/article>\n<p>&nbsp;<\/p>\n<\/div>\n<\/article>\n<\/div>\n","protected":false,"gt_translate_keys":[{"key":"rendered","format":"html"}]},"excerpt":{"rendered":"<p>Nj\u00eb gazetar dhe nj\u00eb kameraman jan\u00eb nxjerr\u00eb me dhun\u00eb nga nj\u00eb lokal n\u00eb Prishtin\u00eb, nga truprojet e kreut t\u00eb PDK-s\u00eb Kadri Veseli. Gazetari i T7, Mirlind Behluli, po raportonte nga lokali ku po q\u00ebndronte Veseli dhe \u00ebsht\u00eb sulmuar m\u00eb pas nga sigurimi e \u00ebsht\u00eb nxjerr\u00eb jasht\u00eb gjat\u00eb transmetimit live. Videoja e publikuar nga mediat n\u00eb [&hellip;]<\/p>\n","protected":false,"gt_translate_keys":[{"key":"rendered","format":"html"}]},"author":30,"featured_media":317056,"comment_status":"open","ping_status":"open","sticky":false,"template":"","format":"standard","meta":{"footnotes":""},"categories":[149],"tags":[],"class_list":["post-317055","post","type-post","status-publish","format-standard","has-post-thumbnail","hentry","category-kosoverajon"],"gt_translate_keys":[{"key":"link","format":"url"}],"_links":{"self":[{"href":"https:\/\/www.hashtag.al\/index.php\/wp-json\/wp\/v2\/posts\/317055","targetHints":{"allow":["GET"]}}],"collection":[{"href":"https:\/\/www.hashtag.al\/index.php\/wp-json\/wp\/v2\/posts"}],"about":[{"href":"https:\/\/www.hashtag.al\/index.php\/wp-json\/wp\/v2\/types\/post"}],"author":[{"embeddable":true,"href":"https:\/\/www.hashtag.al\/index.php\/wp-json\/wp\/v2\/users\/30"}],"replies":[{"embeddable":true,"href":"https:\/\/www.hashtag.al\/index.php\/wp-json\/wp\/v2\/comments?post=317055"}],"version-history":[{"count":0,"href":"https:\/\/www.hashtag.al\/index.php\/wp-json\/wp\/v2\/posts\/317055\/revisions"}],"wp:featuredmedia":[{"embeddable":true,"href":"https:\/\/www.hashtag.al\/index.php\/wp-json\/wp\/v2\/media\/317056"}],"wp:attachment":[{"href":"https:\/\/www.hashtag.al\/index.php\/wp-json\/wp\/v2\/media?parent=317055"}],"wp:term":[{"taxonomy":"category","embeddable":true,"href":"https:\/\/www.hashtag.al\/index.php\/wp-json\/wp\/v2\/categories?post=317055"},{"taxonomy":"post_tag","embeddable":true,"href":"https:\/\/www.hashtag.al\/index.php\/wp-json\/wp\/v2\/tags?post=317055"}],"curies":[{"name":"wp","href":"https:\/\/api.w.org\/{rel}","templated":true}]}}