{"id":316924,"date":"2019-08-21T14:14:46","date_gmt":"2019-08-21T12:14:46","guid":{"rendered":"https:\/\/hashtag.al\/?p=316924"},"modified":"2019-08-21T14:16:36","modified_gmt":"2019-08-21T12:16:36","slug":"mitsotakis-leter-omonia-s-perserit-kushtin-e-tij-per-negociatat-e-shqiperise-me-be-ne","status":"publish","type":"post","link":"https:\/\/www.hashtag.al\/index.php\/2019\/08\/21\/mitsotakis-leter-omonia-s-perserit-kushtin-e-tij-per-negociatat-e-shqiperise-me-be-ne\/","title":{"rendered":"Mitsotakis let\u00ebr OMONIA-s, p\u00ebrs\u00ebrit kushtin e tij p\u00ebr negociatat e Shqip\u00ebris\u00eb me BE-n\u00eb","gt_translate_keys":[{"key":"rendered","format":"text"}]},"content":{"rendered":"<p><img loading=\"lazy\" decoding=\"async\" class=\"size-full wp-image-308907\" src=\"https:\/\/hashtag.al\/wp-content\/uploads\/2019\/07\/mitsotakis.jpg\" alt=\"\" width=\"1200\" height=\"800\" srcset=\"https:\/\/www.hashtag.al\/wp-content\/uploads\/2019\/07\/mitsotakis.jpg 1200w, https:\/\/www.hashtag.al\/wp-content\/uploads\/2019\/07\/mitsotakis-300x200.jpg 300w, https:\/\/www.hashtag.al\/wp-content\/uploads\/2019\/07\/mitsotakis-768x512.jpg 768w, https:\/\/www.hashtag.al\/wp-content\/uploads\/2019\/07\/mitsotakis-1024x683.jpg 1024w\" sizes=\"auto, (max-width: 1200px) 100vw, 1200px\" \/><\/p>\n<p><span style=\"color: #000000;\">Kryeministri i Greqis\u00eb, Kyriakos Mitsotakis i \u00ebsht\u00eb drejtuar me nj\u00eb let\u00ebr organizat\u00ebs OMONIA n\u00eb Shqip\u00ebri. N\u00eb k\u00ebt\u00eb let\u00ebr Mitsotakis ka deklaruar se respektimi i t\u00eb drejtave t\u00eb minoritetit grek n\u00eb Shqip\u00ebri p\u00ebrb\u00ebn kusht paraprak p\u00ebr \u00e7eljen e negociatave t\u00eb Shqip\u00ebris\u00eb me Bashkimin Europian.<\/span><\/p>\n<p><span style=\"color: #000000;\"><em>\u00a0\u201cShqet\u00ebsimi kryesor i qeveris\u00eb greke dhe i imi personal \u00ebsht\u00eb mbrojtja me efikasitet i t\u00eb drejtave minoritare dhe t\u00eb pron\u00ebs t\u00eb minoritetit komb\u00ebtar grek n\u00eb Shqip\u00ebri, \u00e7ka edhe p\u00ebrb\u00ebn kusht paraprak p\u00ebr hapjen e negociatave t\u00eb integrimin t\u00eb Shqip\u00ebris\u00eb n\u00eb Bashkimin Europian\u201d<\/em>,\u00a0shkruan Mitsotakis.<\/span><\/p>\n<p><span style=\"color: #000000;\">Sipas k\u00ebsaj organizate letra \u00ebsht\u00eb me nj\u00eb r\u00ebnd\u00ebsi t\u00eb ve\u00e7ante politike n\u00eb referimin e problemeve dhe rolin politik q\u00eb luan OMONIA.<\/span><\/p>\n<p><span style=\"color: #000000;\">N\u00eb fakt edhe m\u00eb par\u00eb, n\u00eb disa deklarat\u00eb t\u00eb p\u00ebrs\u00ebritura, kryeministri grek e ka paralajm\u00ebruar Tiran\u00ebn zyrtare t\u00eb tregohet e kujdesshme me t\u00eb drejtat e minoritetit grek n\u00eb Shqip\u00ebri, si dhe t\u00eb respektoj\u00eb pronat e tyre, n\u00eb t\u00eb kund\u00ebrt do p\u00ebrballet me veton e Greqis\u00eb p\u00ebr sa i p\u00ebrket integrimit n\u00eb Bashkimin Europian.<\/span><\/p>\n<p><img loading=\"lazy\" decoding=\"async\" class=\"aligncenter size-full wp-image-316925\" src=\"https:\/\/hashtag.al\/wp-content\/uploads\/2019\/08\/epistole_pros_prothupourgo.jpg__1024x768_q85_subsampling-2.jpg\" alt=\"\" width=\"558\" height=\"768\" srcset=\"https:\/\/www.hashtag.al\/wp-content\/uploads\/2019\/08\/epistole_pros_prothupourgo.jpg__1024x768_q85_subsampling-2.jpg 558w, https:\/\/www.hashtag.al\/wp-content\/uploads\/2019\/08\/epistole_pros_prothupourgo.jpg__1024x768_q85_subsampling-2-218x300.jpg 218w\" sizes=\"auto, (max-width: 558px) 100vw, 558px\" \/> <img loading=\"lazy\" decoding=\"async\" class=\"aligncenter size-full wp-image-316926\" src=\"https:\/\/hashtag.al\/wp-content\/uploads\/2019\/08\/epistole_tou_prothupourgou_pros_omonoia.jpg__1024x768_q85_subsampling-2.jpg\" alt=\"\" width=\"521\" height=\"768\" srcset=\"https:\/\/www.hashtag.al\/wp-content\/uploads\/2019\/08\/epistole_tou_prothupourgou_pros_omonoia.jpg__1024x768_q85_subsampling-2.jpg 521w, https:\/\/www.hashtag.al\/wp-content\/uploads\/2019\/08\/epistole_tou_prothupourgou_pros_omonoia.jpg__1024x768_q85_subsampling-2-204x300.jpg 204w\" sizes=\"auto, (max-width: 521px) 100vw, 521px\" \/><\/p>\n","protected":false,"gt_translate_keys":[{"key":"rendered","format":"html"}]},"excerpt":{"rendered":"<p>Kryeministri i Greqis\u00eb, Kyriakos Mitsotakis i \u00ebsht\u00eb drejtuar me nj\u00eb let\u00ebr organizat\u00ebs OMONIA n\u00eb Shqip\u00ebri. N\u00eb k\u00ebt\u00eb let\u00ebr Mitsotakis ka deklaruar se respektimi i t\u00eb drejtave t\u00eb minoritetit grek n\u00eb Shqip\u00ebri p\u00ebrb\u00ebn kusht paraprak p\u00ebr \u00e7eljen e negociatave t\u00eb Shqip\u00ebris\u00eb me Bashkimin Europian. \u00a0\u201cShqet\u00ebsimi kryesor i qeveris\u00eb greke dhe i imi personal \u00ebsht\u00eb mbrojtja me [&hellip;]<\/p>\n","protected":false,"gt_translate_keys":[{"key":"rendered","format":"html"}]},"author":30,"featured_media":282051,"comment_status":"open","ping_status":"open","sticky":false,"template":"","format":"standard","meta":{"footnotes":""},"categories":[65,13],"tags":[],"class_list":["post-316924","post","type-post","status-publish","format-standard","has-post-thumbnail","hentry","category-lajme","category-te-fundit"],"gt_translate_keys":[{"key":"link","format":"url"}],"_links":{"self":[{"href":"https:\/\/www.hashtag.al\/index.php\/wp-json\/wp\/v2\/posts\/316924","targetHints":{"allow":["GET"]}}],"collection":[{"href":"https:\/\/www.hashtag.al\/index.php\/wp-json\/wp\/v2\/posts"}],"about":[{"href":"https:\/\/www.hashtag.al\/index.php\/wp-json\/wp\/v2\/types\/post"}],"author":[{"embeddable":true,"href":"https:\/\/www.hashtag.al\/index.php\/wp-json\/wp\/v2\/users\/30"}],"replies":[{"embeddable":true,"href":"https:\/\/www.hashtag.al\/index.php\/wp-json\/wp\/v2\/comments?post=316924"}],"version-history":[{"count":0,"href":"https:\/\/www.hashtag.al\/index.php\/wp-json\/wp\/v2\/posts\/316924\/revisions"}],"wp:featuredmedia":[{"embeddable":true,"href":"https:\/\/www.hashtag.al\/index.php\/wp-json\/wp\/v2\/media\/282051"}],"wp:attachment":[{"href":"https:\/\/www.hashtag.al\/index.php\/wp-json\/wp\/v2\/media?parent=316924"}],"wp:term":[{"taxonomy":"category","embeddable":true,"href":"https:\/\/www.hashtag.al\/index.php\/wp-json\/wp\/v2\/categories?post=316924"},{"taxonomy":"post_tag","embeddable":true,"href":"https:\/\/www.hashtag.al\/index.php\/wp-json\/wp\/v2\/tags?post=316924"}],"curies":[{"name":"wp","href":"https:\/\/api.w.org\/{rel}","templated":true}]}}