{"id":316803,"date":"2019-08-20T19:11:30","date_gmt":"2019-08-20T17:11:30","guid":{"rendered":"https:\/\/hashtag.al\/?p=316803"},"modified":"2019-08-20T19:11:30","modified_gmt":"2019-08-20T17:11:30","slug":"voltana-ademi-leter-anila-denajt-dega-e-thesarit-ka-bllokuar-punen-e-bashkise","status":"publish","type":"post","link":"https:\/\/www.hashtag.al\/index.php\/2019\/08\/20\/voltana-ademi-leter-anila-denajt-dega-e-thesarit-ka-bllokuar-punen-e-bashkise\/","title":{"rendered":"Voltana Ademi let\u00ebr Anila Denajt: Dega e Thesarit ka bllokuar pun\u00ebn e Bashkis\u00eb","gt_translate_keys":[{"key":"rendered","format":"text"}]},"content":{"rendered":"<p><img loading=\"lazy\" decoding=\"async\" class=\"aligncenter size-full wp-image-307217\" src=\"https:\/\/hashtag.al\/wp-content\/uploads\/2019\/06\/voltana-Ademi-Shkoder.jpg\" alt=\"\" width=\"960\" height=\"608\" srcset=\"https:\/\/www.hashtag.al\/wp-content\/uploads\/2019\/06\/voltana-Ademi-Shkoder.jpg 960w, https:\/\/www.hashtag.al\/wp-content\/uploads\/2019\/06\/voltana-Ademi-Shkoder-300x190.jpg 300w, https:\/\/www.hashtag.al\/wp-content\/uploads\/2019\/06\/voltana-Ademi-Shkoder-768x486.jpg 768w\" sizes=\"auto, (max-width: 960px) 100vw, 960px\" \/><\/p>\n<p>Kryetarja e Bashkis\u00eb s\u00eb Shkodr\u00ebs Voltana Ademi i \u00ebsht\u00eb drejtuar me nj\u00eb let\u00ebr Ministres s\u00eb Financave Anila Denaj p\u00ebr bllokimin e pun\u00ebs s\u00eb institucionit q\u00eb ajo drejton me veprimet e nd\u00ebrmarra p\u00ebr mos alokimin e fondeve nga thesari.<\/p>\n<p>Letr\u00ebn e saj Ademi ia v\u00eb n\u00eb dijeni edhe ambasador\u00ebve t\u00eb vendeve m\u00eb t\u00eb \u00a0BE-s\u00eb n\u00eb Tiran\u00eb.<\/p>\n<p>Ademi k\u00ebrkon q\u00eb t\u00eb zgjidhet sa m\u00eb shpejt ky ng\u00ebr\u00e7 dhe e quan t\u00eb paprecedent\u00eb k\u00ebt\u00eb rast me bllokimin e fondeve.<\/p>\n<p><img loading=\"lazy\" decoding=\"async\" class=\"aligncenter size-full wp-image-316804\" src=\"https:\/\/hashtag.al\/wp-content\/uploads\/2019\/08\/1-3.jpg\" alt=\"\" width=\"913\" height=\"1042\" srcset=\"https:\/\/www.hashtag.al\/wp-content\/uploads\/2019\/08\/1-3.jpg 913w, https:\/\/www.hashtag.al\/wp-content\/uploads\/2019\/08\/1-3-263x300.jpg 263w, https:\/\/www.hashtag.al\/wp-content\/uploads\/2019\/08\/1-3-768x877.jpg 768w, https:\/\/www.hashtag.al\/wp-content\/uploads\/2019\/08\/1-3-897x1024.jpg 897w\" sizes=\"auto, (max-width: 913px) 100vw, 913px\" \/> <img loading=\"lazy\" decoding=\"async\" class=\"aligncenter size-full wp-image-316805\" src=\"https:\/\/hashtag.al\/wp-content\/uploads\/2019\/08\/4-2-1.jpg\" alt=\"\" width=\"908\" height=\"854\" srcset=\"https:\/\/www.hashtag.al\/wp-content\/uploads\/2019\/08\/4-2-1.jpg 908w, https:\/\/www.hashtag.al\/wp-content\/uploads\/2019\/08\/4-2-1-300x282.jpg 300w, https:\/\/www.hashtag.al\/wp-content\/uploads\/2019\/08\/4-2-1-768x722.jpg 768w\" sizes=\"auto, (max-width: 908px) 100vw, 908px\" \/> <img loading=\"lazy\" decoding=\"async\" class=\"aligncenter size-full wp-image-316806\" src=\"https:\/\/hashtag.al\/wp-content\/uploads\/2019\/08\/2-2-1.jpg\" alt=\"\" width=\"899\" height=\"1036\" srcset=\"https:\/\/www.hashtag.al\/wp-content\/uploads\/2019\/08\/2-2-1.jpg 899w, https:\/\/www.hashtag.al\/wp-content\/uploads\/2019\/08\/2-2-1-260x300.jpg 260w, https:\/\/www.hashtag.al\/wp-content\/uploads\/2019\/08\/2-2-1-768x885.jpg 768w, https:\/\/www.hashtag.al\/wp-content\/uploads\/2019\/08\/2-2-1-889x1024.jpg 889w\" sizes=\"auto, (max-width: 899px) 100vw, 899px\" \/> <img loading=\"lazy\" decoding=\"async\" class=\"aligncenter size-full wp-image-316807\" src=\"https:\/\/hashtag.al\/wp-content\/uploads\/2019\/08\/3-4.jpg\" alt=\"\" width=\"918\" height=\"1055\" srcset=\"https:\/\/www.hashtag.al\/wp-content\/uploads\/2019\/08\/3-4.jpg 918w, https:\/\/www.hashtag.al\/wp-content\/uploads\/2019\/08\/3-4-261x300.jpg 261w, https:\/\/www.hashtag.al\/wp-content\/uploads\/2019\/08\/3-4-768x883.jpg 768w, https:\/\/www.hashtag.al\/wp-content\/uploads\/2019\/08\/3-4-891x1024.jpg 891w\" sizes=\"auto, (max-width: 918px) 100vw, 918px\" \/><\/p>\n","protected":false,"gt_translate_keys":[{"key":"rendered","format":"html"}]},"excerpt":{"rendered":"<p>Kryetarja e Bashkis\u00eb s\u00eb Shkodr\u00ebs Voltana Ademi i \u00ebsht\u00eb drejtuar me nj\u00eb let\u00ebr Ministres s\u00eb Financave Anila Denaj p\u00ebr bllokimin e pun\u00ebs s\u00eb institucionit q\u00eb ajo drejton me veprimet e nd\u00ebrmarra p\u00ebr mos alokimin e fondeve nga thesari. Letr\u00ebn e saj Ademi ia v\u00eb n\u00eb dijeni edhe ambasador\u00ebve t\u00eb vendeve m\u00eb t\u00eb \u00a0BE-s\u00eb n\u00eb Tiran\u00eb. [&hellip;]<\/p>\n","protected":false,"gt_translate_keys":[{"key":"rendered","format":"html"}]},"author":32,"featured_media":307217,"comment_status":"open","ping_status":"open","sticky":false,"template":"","format":"standard","meta":{"footnotes":""},"categories":[65,13],"tags":[],"class_list":["post-316803","post","type-post","status-publish","format-standard","has-post-thumbnail","hentry","category-lajme","category-te-fundit"],"gt_translate_keys":[{"key":"link","format":"url"}],"_links":{"self":[{"href":"https:\/\/www.hashtag.al\/index.php\/wp-json\/wp\/v2\/posts\/316803","targetHints":{"allow":["GET"]}}],"collection":[{"href":"https:\/\/www.hashtag.al\/index.php\/wp-json\/wp\/v2\/posts"}],"about":[{"href":"https:\/\/www.hashtag.al\/index.php\/wp-json\/wp\/v2\/types\/post"}],"author":[{"embeddable":true,"href":"https:\/\/www.hashtag.al\/index.php\/wp-json\/wp\/v2\/users\/32"}],"replies":[{"embeddable":true,"href":"https:\/\/www.hashtag.al\/index.php\/wp-json\/wp\/v2\/comments?post=316803"}],"version-history":[{"count":0,"href":"https:\/\/www.hashtag.al\/index.php\/wp-json\/wp\/v2\/posts\/316803\/revisions"}],"wp:featuredmedia":[{"embeddable":true,"href":"https:\/\/www.hashtag.al\/index.php\/wp-json\/wp\/v2\/media\/307217"}],"wp:attachment":[{"href":"https:\/\/www.hashtag.al\/index.php\/wp-json\/wp\/v2\/media?parent=316803"}],"wp:term":[{"taxonomy":"category","embeddable":true,"href":"https:\/\/www.hashtag.al\/index.php\/wp-json\/wp\/v2\/categories?post=316803"},{"taxonomy":"post_tag","embeddable":true,"href":"https:\/\/www.hashtag.al\/index.php\/wp-json\/wp\/v2\/tags?post=316803"}],"curies":[{"name":"wp","href":"https:\/\/api.w.org\/{rel}","templated":true}]}}