{"id":316638,"date":"2019-08-19T16:40:02","date_gmt":"2019-08-19T14:40:02","guid":{"rendered":"https:\/\/hashtag.al\/?p=316638"},"modified":"2019-08-19T16:40:02","modified_gmt":"2019-08-19T14:40:02","slug":"haradinaj-dhe-shpend-ahmeti-firmosin-koalicionin-do-garojne-me-liste-te-njejte-zgjedhore","status":"publish","type":"post","link":"https:\/\/www.hashtag.al\/index.php\/2019\/08\/19\/haradinaj-dhe-shpend-ahmeti-firmosin-koalicionin-do-garojne-me-liste-te-njejte-zgjedhore\/","title":{"rendered":"Haradinaj dhe Shpend Ahmeti firmosin koalicionin, do garojn\u00eb me list\u00eb t\u00eb nj\u00ebjt\u00eb zgjedhore","gt_translate_keys":[{"key":"rendered","format":"text"}]},"content":{"rendered":"<p><img loading=\"lazy\" decoding=\"async\" class=\"aligncenter size-full wp-image-316639\" src=\"https:\/\/hashtag.al\/wp-content\/uploads\/2019\/08\/68586805-764183784013682-7544211889098588160-n-1-600x360.jpg\" alt=\"\" width=\"600\" height=\"360\" srcset=\"https:\/\/www.hashtag.al\/wp-content\/uploads\/2019\/08\/68586805-764183784013682-7544211889098588160-n-1-600x360.jpg 600w, https:\/\/www.hashtag.al\/wp-content\/uploads\/2019\/08\/68586805-764183784013682-7544211889098588160-n-1-600x360-300x180.jpg 300w\" sizes=\"auto, (max-width: 600px) 100vw, 600px\" \/><\/p>\n<p>Kryetari i Aleanc\u00ebs p\u00ebr Ardhm\u00ebrin\u00eb e Kosov\u00ebs, Ramush Haradinaj, dhe ai i Partis\u00eb Social Demokrate, Shpend Ahmeti, edhe zyrtarisht kan\u00eb n\u00ebnshkruar marr\u00ebveshjen p\u00ebr koalicion parazgjedhor.<\/p>\n<p>K\u00ebshilli drejtues i Aleanc\u00ebs p\u00ebr Ardhm\u00ebrin\u00eb e Kosov\u00ebs sot ka mbajtur takimin ku \u00ebsht\u00eb votuar t\u00eb b\u00ebjn\u00eb koalicion parazgjedhor me PSD-n\u00eb.<\/p>\n<p>N\u00eb nj\u00eb komunikat\u00eb p\u00ebr media t\u00eb AAK-s\u00eb thuhej se i \u00ebsht\u00eb dh\u00ebn\u00eb mandati kryetarit Ramush Haradinaj p\u00ebr ta zgjeruar koalicionin dhe eventualisht zgjerimin e tij me parti tjera.<\/p>\n<p>\u201cK\u00ebshilli Drejtues i Aleanc\u00ebs p\u00ebr Ardhm\u00ebrin\u00eb e Kosov\u00ebs, n\u00eb mbledhjen e mbajtur sot, e ka votuar marr\u00ebveshjen p\u00ebr koalicion parazgjedhor me Partin\u00eb Social Demokrate t\u00eb Kosov\u00ebs. Nj\u00ebkoh\u00ebsisht, K\u00ebshilli Drejtues i AAK-s\u00eb, q\u00eb \u00ebsht\u00eb organi m\u00eb i lart\u00eb drejtues i Partis\u00eb, e ka mandatuar kryetarin e AAK-s\u00eb, z. Ramush Haradinaj, p\u00ebr diskutime p\u00ebr zgjerimin eventual t\u00eb Koalicionit parazgjedhor t\u00eb AAK-s\u00eb\u201d, thuhet n\u00eb komunikat\u00ebn e AAK-s\u00eb.<\/p>\n<p>Po ashtu, sot edhe K\u00ebshilli drejtues i PSD-s\u00eb ka mbajtur nj\u00eb mbledhje n\u00eb t\u00eb cil\u00ebn \u00ebsht\u00eb marr\u00eb vendimi p\u00ebr marr\u00ebveshjen e koalicionit parazgjedhor me AAK-n\u00eb.<\/p>\n<p>M\u00ebsohet se \u00ebsht\u00eb vendosur q\u00eb koalicioni t\u00eb jet\u00eb parazgjedhor, pra AAK-ja dhe PSD-ja do t\u00eb garojn\u00eb n\u00eb list\u00eb t\u00eb p\u00ebrbashk\u00ebt zgjedhore.<\/p>\n<p>AAK-ja ka qen\u00eb pjes\u00eb e qeveris\u00eb, duke e udh\u00ebhequr at\u00eb. Nd\u00ebrsa PSD-ja ka qen\u00eb pjes\u00eb e opozit\u00ebs.<\/p>\n<p>&nbsp;<\/p>\n","protected":false,"gt_translate_keys":[{"key":"rendered","format":"html"}]},"excerpt":{"rendered":"<p>Kryetari i Aleanc\u00ebs p\u00ebr Ardhm\u00ebrin\u00eb e Kosov\u00ebs, Ramush Haradinaj, dhe ai i Partis\u00eb Social Demokrate, Shpend Ahmeti, edhe zyrtarisht kan\u00eb n\u00ebnshkruar marr\u00ebveshjen p\u00ebr koalicion parazgjedhor. K\u00ebshilli drejtues i Aleanc\u00ebs p\u00ebr Ardhm\u00ebrin\u00eb e Kosov\u00ebs sot ka mbajtur takimin ku \u00ebsht\u00eb votuar t\u00eb b\u00ebjn\u00eb koalicion parazgjedhor me PSD-n\u00eb. N\u00eb nj\u00eb komunikat\u00eb p\u00ebr media t\u00eb AAK-s\u00eb thuhej se [&hellip;]<\/p>\n","protected":false,"gt_translate_keys":[{"key":"rendered","format":"html"}]},"author":32,"featured_media":316639,"comment_status":"open","ping_status":"open","sticky":false,"template":"","format":"standard","meta":{"footnotes":""},"categories":[149,13],"tags":[],"class_list":["post-316638","post","type-post","status-publish","format-standard","has-post-thumbnail","hentry","category-kosoverajon","category-te-fundit"],"gt_translate_keys":[{"key":"link","format":"url"}],"_links":{"self":[{"href":"https:\/\/www.hashtag.al\/index.php\/wp-json\/wp\/v2\/posts\/316638","targetHints":{"allow":["GET"]}}],"collection":[{"href":"https:\/\/www.hashtag.al\/index.php\/wp-json\/wp\/v2\/posts"}],"about":[{"href":"https:\/\/www.hashtag.al\/index.php\/wp-json\/wp\/v2\/types\/post"}],"author":[{"embeddable":true,"href":"https:\/\/www.hashtag.al\/index.php\/wp-json\/wp\/v2\/users\/32"}],"replies":[{"embeddable":true,"href":"https:\/\/www.hashtag.al\/index.php\/wp-json\/wp\/v2\/comments?post=316638"}],"version-history":[{"count":0,"href":"https:\/\/www.hashtag.al\/index.php\/wp-json\/wp\/v2\/posts\/316638\/revisions"}],"wp:featuredmedia":[{"embeddable":true,"href":"https:\/\/www.hashtag.al\/index.php\/wp-json\/wp\/v2\/media\/316639"}],"wp:attachment":[{"href":"https:\/\/www.hashtag.al\/index.php\/wp-json\/wp\/v2\/media?parent=316638"}],"wp:term":[{"taxonomy":"category","embeddable":true,"href":"https:\/\/www.hashtag.al\/index.php\/wp-json\/wp\/v2\/categories?post=316638"},{"taxonomy":"post_tag","embeddable":true,"href":"https:\/\/www.hashtag.al\/index.php\/wp-json\/wp\/v2\/tags?post=316638"}],"curies":[{"name":"wp","href":"https:\/\/api.w.org\/{rel}","templated":true}]}}