{"id":316601,"date":"2019-08-19T13:27:13","date_gmt":"2019-08-19T11:27:13","guid":{"rendered":"https:\/\/hashtag.al\/?p=316601"},"modified":"2019-08-19T13:35:56","modified_gmt":"2019-08-19T11:35:56","slug":"mesazhi-i-ademit-e-lumtur-qe-shkodranet-i-dhane-shembullin-gjithe-shqiptareve","status":"publish","type":"post","link":"https:\/\/www.hashtag.al\/index.php\/2019\/08\/19\/mesazhi-i-ademit-e-lumtur-qe-shkodranet-i-dhane-shembullin-gjithe-shqiptareve\/","title":{"rendered":"Mesazhi i Ademit: E lumtur q\u00eb shkodran\u00ebt i dhan\u00eb shembullin gjith\u00eb shqiptar\u00ebve","gt_translate_keys":[{"key":"rendered","format":"text"}]},"content":{"rendered":"<p><img loading=\"lazy\" decoding=\"async\" class=\"aligncenter size-full wp-image-316602\" src=\"https:\/\/hashtag.al\/wp-content\/uploads\/2019\/08\/ADEMI.jpg\" alt=\"\" width=\"1435\" height=\"813\" srcset=\"https:\/\/www.hashtag.al\/wp-content\/uploads\/2019\/08\/ADEMI.jpg 1435w, https:\/\/www.hashtag.al\/wp-content\/uploads\/2019\/08\/ADEMI-300x170.jpg 300w, https:\/\/www.hashtag.al\/wp-content\/uploads\/2019\/08\/ADEMI-768x435.jpg 768w, https:\/\/www.hashtag.al\/wp-content\/uploads\/2019\/08\/ADEMI-1024x580.jpg 1024w\" sizes=\"auto, (max-width: 1435px) 100vw, 1435px\" \/><\/p>\n<p><span style=\"color: #000000;\">Pas mbledhjes p\u00ebr krijimin e K\u00ebshillit t\u00eb ri Bashkiak n\u00eb Shkod\u00ebr, kryebashkiakja Voltana Ademi ka dal\u00eb n\u00eb nj\u00eb deklarat\u00eb p\u00ebr mediat ku \u00ebsht\u00eb shprehur se Shkodra dha sot nj\u00eb m\u00ebsim p\u00ebr gjith\u00eb shqiptar\u00ebt.<\/span><\/p>\n<p><span style=\"color: #000000;\">Ademi tha se do t\u00eb vijoj\u00eb t\u00eb drejtoj\u00eb bashkin\u00eb, deri kur m\u00eb n\u00eb fund t\u00eb krijohet mund\u00ebsia q\u00eb t\u00eb gjith\u00eb qytetar\u00ebt jo vet\u00ebm shkodran\u00eb, t\u00eb zgjedhin t\u00eb lir\u00eb.<\/span><\/p>\n<p><em><span style=\"color: #000000;\">\u201cT\u00eb gjith\u00eb qytetar\u00ebt jan\u00eb njoftuar q\u00eb t\u00eb rrijn\u00eb n\u00eb sall\u00ebn e Bashkis\u00eb edhe pse mund t\u00eb ken\u00eb qen\u00eb pak ngusht.<\/span><\/em><\/p>\n<p><em><span style=\"color: #000000;\">Un\u00eb dua t\u00eb filloj me nj\u00eb falenderim p\u00ebr t\u00eb gjith\u00eb banor\u00ebt e qytetit dhe rrethinave t\u00eb Shkodr\u00ebs, drejtues t\u00eb policis\u00eb t\u00eb cil\u00ebt edhe sot mbrojt\u00ebn qytetin.<\/span><\/em><\/p>\n<p><em><span style=\"color: #000000;\">Bashkia e Shkodr\u00ebs \u00ebsht\u00eb bashkia e qytetar\u00ebve t\u00eb Shkodr\u00ebs, dhe e akusjt tjet\u00ebr dhe t\u00eb gjith\u00eb bashk\u00eb kemi detyr\u00ebn ta mbrojm\u00eb ta duam dhe ta mbajm\u00eb vendin ton\u00eb. Dhe Shkodra m\u00eb shum\u00eb se kush e ka demostruar k\u00ebt\u00eb. Jam e lumtur q\u00eb qytetar\u00ebt e Shkodr\u00ebs i kan\u00eb dh\u00ebn\u00eb shembullin gjith\u00eb qytetar\u00ebve shqiptar\u00eb se votimet e 30 qershorit, nj\u00eb fars\u00eb p\u00ebr Shkodr\u00ebn dhe p\u00ebr gjith\u00eb Shqip\u00ebrin\u00eb do t\u00eb zhb\u00ebhen.<\/span><\/em><\/p>\n<p><em><span style=\"color: #000000;\">Dhe sot n\u00eb mbledhjen politike fars\u00eb, kurrsesi askush nuk mundet t\u00eb dal\u00eb mbi vullnetin e njer\u00ebzve. Ajo \u00e7far\u00eb ka ndodhur sot n\u00eb Shkod\u00ebr do t\u00eb zb\u00ebhet. Nuk mund t\u00eb lejojm\u00eb nj\u00eb uzurpator t\u00eb uzurpoj\u00eb qytetin dhe Shqip\u00ebrin\u00eb.<\/span><\/em><\/p>\n<p><em><span style=\"color: #000000;\">Un\u00eb nuk lodhem s\u00eb falenderuari sepse Shkodra meriton shum\u00eb. Meriton k\u00ebt\u00eb vler\u00ebsim q\u00eb ne ia b\u00ebjm\u00eb tok\u00ebs dhe vendit ton\u00eb. Ne do t\u00eb vazhdojm\u00eb t\u00eb jemi bashk\u00eb dhe ta mbrojm\u00eb qytetin. Un\u00eb do t\u00eb kem detyr\u00ebn dhe p\u00ebrgjegj\u00ebsin e madhe q\u00eb t\u00eb jem kryetare e Bashkis\u00eb s\u00eb Shkodr\u00ebs, deri n\u00eb momentin sa m\u00eb t\u00eb shpejt\u00eb p\u00ebr t\u00eb gjith\u00eb ne, ku ne shqiptar\u00ebt, shkodran\u00ebt t\u00eb sigurojm\u00eb zgjedhje t\u00eb v\u00ebrteta, t\u00eb rregullta dhe t\u00eb gjith\u00eb t\u00eb mund t\u00eb zgjedhim t\u00eb lir\u00eb.<\/span><\/em><span style=\"color: #000000;\"><em>\u201d<\/em>&#8211; tha Voltana Ademi.<\/span><\/p>\n<p><iframe loading=\"lazy\" style=\"border: none; overflow: hidden;\" src=\"https:\/\/www.facebook.com\/plugins\/video.php?href=https%3A%2F%2Fwww.facebook.com%2Fpartiademokratike%2Fvideos%2F1596755903782396%2F&amp;show_text=0&amp;width=560\" width=\"560\" height=\"315\" frameborder=\"0\" scrolling=\"no\" allowfullscreen=\"allowfullscreen\"><\/iframe><\/p>\n","protected":false,"gt_translate_keys":[{"key":"rendered","format":"html"}]},"excerpt":{"rendered":"<p>Pas mbledhjes p\u00ebr krijimin e K\u00ebshillit t\u00eb ri Bashkiak n\u00eb Shkod\u00ebr, kryebashkiakja Voltana Ademi ka dal\u00eb n\u00eb nj\u00eb deklarat\u00eb p\u00ebr mediat ku \u00ebsht\u00eb shprehur se Shkodra dha sot nj\u00eb m\u00ebsim p\u00ebr gjith\u00eb shqiptar\u00ebt. Ademi tha se do t\u00eb vijoj\u00eb t\u00eb drejtoj\u00eb bashkin\u00eb, deri kur m\u00eb n\u00eb fund t\u00eb krijohet mund\u00ebsia q\u00eb t\u00eb gjith\u00eb qytetar\u00ebt jo [&hellip;]<\/p>\n","protected":false,"gt_translate_keys":[{"key":"rendered","format":"html"}]},"author":30,"featured_media":316602,"comment_status":"open","ping_status":"open","sticky":false,"template":"","format":"standard","meta":{"footnotes":""},"categories":[65,13],"tags":[],"class_list":["post-316601","post","type-post","status-publish","format-standard","has-post-thumbnail","hentry","category-lajme","category-te-fundit"],"gt_translate_keys":[{"key":"link","format":"url"}],"_links":{"self":[{"href":"https:\/\/www.hashtag.al\/index.php\/wp-json\/wp\/v2\/posts\/316601","targetHints":{"allow":["GET"]}}],"collection":[{"href":"https:\/\/www.hashtag.al\/index.php\/wp-json\/wp\/v2\/posts"}],"about":[{"href":"https:\/\/www.hashtag.al\/index.php\/wp-json\/wp\/v2\/types\/post"}],"author":[{"embeddable":true,"href":"https:\/\/www.hashtag.al\/index.php\/wp-json\/wp\/v2\/users\/30"}],"replies":[{"embeddable":true,"href":"https:\/\/www.hashtag.al\/index.php\/wp-json\/wp\/v2\/comments?post=316601"}],"version-history":[{"count":0,"href":"https:\/\/www.hashtag.al\/index.php\/wp-json\/wp\/v2\/posts\/316601\/revisions"}],"wp:featuredmedia":[{"embeddable":true,"href":"https:\/\/www.hashtag.al\/index.php\/wp-json\/wp\/v2\/media\/316602"}],"wp:attachment":[{"href":"https:\/\/www.hashtag.al\/index.php\/wp-json\/wp\/v2\/media?parent=316601"}],"wp:term":[{"taxonomy":"category","embeddable":true,"href":"https:\/\/www.hashtag.al\/index.php\/wp-json\/wp\/v2\/categories?post=316601"},{"taxonomy":"post_tag","embeddable":true,"href":"https:\/\/www.hashtag.al\/index.php\/wp-json\/wp\/v2\/tags?post=316601"}],"curies":[{"name":"wp","href":"https:\/\/api.w.org\/{rel}","templated":true}]}}