{"id":316486,"date":"2019-08-18T21:48:05","date_gmt":"2019-08-18T19:48:05","guid":{"rendered":"https:\/\/hashtag.al\/?p=316486"},"modified":"2019-08-18T21:48:05","modified_gmt":"2019-08-18T19:48:05","slug":"meta-kriza-eshte-artificiale-palet-duhet-te-ngrihen-mbi-interesat-personale","status":"publish","type":"post","link":"https:\/\/www.hashtag.al\/index.php\/2019\/08\/18\/meta-kriza-eshte-artificiale-palet-duhet-te-ngrihen-mbi-interesat-personale\/","title":{"rendered":"Meta: Kriza \u00ebsht\u00eb artificiale, pal\u00ebt duhet t\u00eb ngrihen mbi interesat personale","gt_translate_keys":[{"key":"rendered","format":"text"}]},"content":{"rendered":"<p><img loading=\"lazy\" decoding=\"async\" class=\"aligncenter size-full wp-image-316487\" src=\"https:\/\/hashtag.al\/wp-content\/uploads\/2019\/08\/meta10.jpg\" alt=\"\" width=\"796\" height=\"449\" srcset=\"https:\/\/www.hashtag.al\/wp-content\/uploads\/2019\/08\/meta10.jpg 796w, https:\/\/www.hashtag.al\/wp-content\/uploads\/2019\/08\/meta10-300x169.jpg 300w, https:\/\/www.hashtag.al\/wp-content\/uploads\/2019\/08\/meta10-768x433.jpg 768w\" sizes=\"auto, (max-width: 796px) 100vw, 796px\" \/><\/p>\n<p>Presidenti Ilir Meta n\u00eb nj\u00eb intervist\u00eb p\u00ebr televizionin RTV 21 n\u00eb Kosov\u00eb ka folur p\u00ebr kriz\u00ebn politike n\u00eb Shqip\u00ebri duke theksuar edhe nj\u00ebher\u00eb se politika duhet t\u00eb ver\u00eb interesat e vendit p\u00ebrpara atyre personale.<\/p>\n<p>\u201c<em>P\u00ebr Shqip\u00ebrin\u00eb \u00ebsht\u00eb e nevojshme q\u00eb t\u00eb gjith\u00eb politikan\u00ebt t\u00eb v\u00ebn\u00eb interesat e vendit mbi interesin e axhendave t\u00eb tyre afatshkurtra. T\u2019i sh\u00ebrbejn\u00eb stabilitetit t\u00eb vendit, dialogut politik, forcimit t\u00eb institucioneve demokratike, sidomos institucioneve t\u00eb pavarura.<\/em><\/p>\n<p><em>Shqip\u00ebria po vuan nj\u00eb largim serioz t\u00eb t\u00eb rinjve, t\u00eb gjenerat\u00ebs m\u00eb krijuese dhe m\u00eb t\u00eb domosdoshme p\u00ebr zhvillimin e vendit dhe kjo ndodh p\u00ebr shkak t\u00eb k\u00ebtij konflikti q\u00eb vazhdon n\u00eb Shqip\u00ebri n\u00eb nj\u00eb m\u00ebnyr\u00eb skizofrenike do t\u00eb thoja, edhe pas 30 vjet\u00ebsh<\/em>\u201d-deklaroi Meta.<\/p>\n<p>Meta e cil\u00ebsoi kriz\u00ebn politike si artificiale dhe se p\u00ebr t\u00eb duhet t\u00eb reflektojn\u00eb t\u00eb gjith\u00eb.<\/p>\n<p>\u201c<em>\u00cbsht\u00eb nj\u00eb konflikt t\u00ebr\u00ebsisht artificial dhe q\u00eb \u00ebsht\u00eb nj\u00eb kamban\u00eb alarmi p\u00ebr t\u00eb reflektuar t\u00eb gjith\u00eb urgjentisht.<\/em><\/p>\n<p><em>Nuk mund t\u00eb jet\u00eb Shqip\u00ebria, p\u00ebr t\u00eb gjith\u00eb shqiptar\u00ebt kudo ku jetojn\u00eb, nj\u00eb shembull frym\u00ebzimi dhe pozitiv, n\u00eb k\u00ebt\u00eb m\u00ebnyr\u00eb si\u00e7 zhvillimet e fundit kan\u00eb ndodhur n\u00eb vendin ton\u00eb p\u00ebr fat t\u00eb keq<\/em>\u201d- tha Meta.<\/p>\n","protected":false,"gt_translate_keys":[{"key":"rendered","format":"html"}]},"excerpt":{"rendered":"<p>Presidenti Ilir Meta n\u00eb nj\u00eb intervist\u00eb p\u00ebr televizionin RTV 21 n\u00eb Kosov\u00eb ka folur p\u00ebr kriz\u00ebn politike n\u00eb Shqip\u00ebri duke theksuar edhe nj\u00ebher\u00eb se politika duhet t\u00eb ver\u00eb interesat e vendit p\u00ebrpara atyre personale. \u201cP\u00ebr Shqip\u00ebrin\u00eb \u00ebsht\u00eb e nevojshme q\u00eb t\u00eb gjith\u00eb politikan\u00ebt t\u00eb v\u00ebn\u00eb interesat e vendit mbi interesin e axhendave t\u00eb tyre afatshkurtra. [&hellip;]<\/p>\n","protected":false,"gt_translate_keys":[{"key":"rendered","format":"html"}]},"author":32,"featured_media":316487,"comment_status":"open","ping_status":"open","sticky":false,"template":"","format":"standard","meta":{"footnotes":""},"categories":[65,13],"tags":[],"class_list":["post-316486","post","type-post","status-publish","format-standard","has-post-thumbnail","hentry","category-lajme","category-te-fundit"],"gt_translate_keys":[{"key":"link","format":"url"}],"_links":{"self":[{"href":"https:\/\/www.hashtag.al\/index.php\/wp-json\/wp\/v2\/posts\/316486","targetHints":{"allow":["GET"]}}],"collection":[{"href":"https:\/\/www.hashtag.al\/index.php\/wp-json\/wp\/v2\/posts"}],"about":[{"href":"https:\/\/www.hashtag.al\/index.php\/wp-json\/wp\/v2\/types\/post"}],"author":[{"embeddable":true,"href":"https:\/\/www.hashtag.al\/index.php\/wp-json\/wp\/v2\/users\/32"}],"replies":[{"embeddable":true,"href":"https:\/\/www.hashtag.al\/index.php\/wp-json\/wp\/v2\/comments?post=316486"}],"version-history":[{"count":0,"href":"https:\/\/www.hashtag.al\/index.php\/wp-json\/wp\/v2\/posts\/316486\/revisions"}],"wp:featuredmedia":[{"embeddable":true,"href":"https:\/\/www.hashtag.al\/index.php\/wp-json\/wp\/v2\/media\/316487"}],"wp:attachment":[{"href":"https:\/\/www.hashtag.al\/index.php\/wp-json\/wp\/v2\/media?parent=316486"}],"wp:term":[{"taxonomy":"category","embeddable":true,"href":"https:\/\/www.hashtag.al\/index.php\/wp-json\/wp\/v2\/categories?post=316486"},{"taxonomy":"post_tag","embeddable":true,"href":"https:\/\/www.hashtag.al\/index.php\/wp-json\/wp\/v2\/tags?post=316486"}],"curies":[{"name":"wp","href":"https:\/\/api.w.org\/{rel}","templated":true}]}}