{"id":316483,"date":"2019-08-18T21:29:41","date_gmt":"2019-08-18T19:29:41","guid":{"rendered":"https:\/\/hashtag.al\/?p=316483"},"modified":"2019-08-18T21:29:41","modified_gmt":"2019-08-18T19:29:41","slug":"rama-e-rreshtoi-pro-artisteve-per-shembjen-e-teatrit-reagon-kondi-jam-cituar-jo-plotesisht-qendroj-larg-debatit-per-godinen","status":"publish","type":"post","link":"https:\/\/www.hashtag.al\/index.php\/2019\/08\/18\/rama-e-rreshtoi-pro-artisteve-per-shembjen-e-teatrit-reagon-kondi-jam-cituar-jo-plotesisht-qendroj-larg-debatit-per-godinen\/","title":{"rendered":"Rama e rreshtoi pro artist\u00ebve p\u00ebr shembjen e Teatrit, reagon Kondi: Jam cituar jo plot\u00ebsisht, q\u00ebndroj larg debatit p\u00ebr godin\u00ebn","gt_translate_keys":[{"key":"rendered","format":"text"}]},"content":{"rendered":"<p><span style=\"color: #000000;\"><img loading=\"lazy\" decoding=\"async\" class=\"aligncenter size-full wp-image-316484\" src=\"https:\/\/hashtag.al\/wp-content\/uploads\/2019\/08\/maxresdefault_158.jpg\" alt=\"\" width=\"1920\" height=\"1080\" srcset=\"https:\/\/www.hashtag.al\/wp-content\/uploads\/2019\/08\/maxresdefault_158.jpg 1920w, https:\/\/www.hashtag.al\/wp-content\/uploads\/2019\/08\/maxresdefault_158-300x169.jpg 300w, https:\/\/www.hashtag.al\/wp-content\/uploads\/2019\/08\/maxresdefault_158-768x432.jpg 768w, https:\/\/www.hashtag.al\/wp-content\/uploads\/2019\/08\/maxresdefault_158-1024x576.jpg 1024w\" sizes=\"auto, (max-width: 1920px) 100vw, 1920px\" \/><\/span><\/p>\n<p><span style=\"color: #000000;\">Aktorja Marjana Kondi ka reaguar pasi kryeministri n\u00ebp\u00ebrmjet nj\u00eb postimi e rreshtoi me artist\u00ebt q\u00eb \u00ebsht\u00eb pro shembjes s\u00eb Teatrit Komb\u00ebtar. Pas k\u00ebtij postimi t\u00eb Kryeministrit Rama, aktorja n\u00eb reagimin e saj thot\u00eb se nuk \u00ebsht\u00eb cituar plot\u00ebsisht nga kreu i qeveris\u00eb p\u00ebr Teatrin.<\/span><\/p>\n<p><span style=\"color: #000000;\">Kondi n\u00eb reagimin e saj thot\u00eb se ajo \u00ebsht\u00eb larguar nga Teatri vet\u00ebm pasi k\u00ebrkoi kushte m\u00eb t\u00eb mira.<\/span><\/p>\n<p><span style=\"color: #000000;\">Gjithashtu, aktorja shkruan se nuk do q\u00eb t\u00eb p\u00ebrdoret politikisht n\u00eb q\u00ebndrimin e saj p\u00ebr Teatrin dhe se n\u00eb nj\u00eb koh\u00eb t\u00eb m\u00ebvonshme do t\u00eb shoh\u00eb t\u00eb arsyeshme t\u00eb nd\u00ebrhyr\u00eb.<\/span><\/p>\n<p><span style=\"color: #000000;\"><strong>Postimi i plot\u00eb:<\/strong><\/span><\/p>\n<p><span style=\"color: #000000;\">Un\u00eb vlej !<\/span><\/p>\n<p><span style=\"color: #000000;\">Jam aktorja dhe punonj\u00ebsja e par\u00eb e cila n\u00eb vitin 2014 reformoi Teatrin Komb\u00ebtar duke m\u00eb larguar nga puna ( arsyet e s\u00eb cil\u00ebs i di vet\u00ebm drejtuesi i institucionit)<\/span><\/p>\n<p><span style=\"color: #000000;\">Jam aktorja q\u00eb Shteti Shqiptar d\u00ebmshp\u00ebrbleu me XX000000 lek\u00eb p\u00ebr largimin tim t\u00eb padrejt\u00eb nga puna.<\/span><\/p>\n<p><span style=\"color: #000000;\">Jam aktorja q\u00eb sot Kryeministri i Shqip\u00ebris\u00eb m\u00eb dedikon nj\u00eb status n\u00eb faqen e tij.<\/span><\/p>\n<p><span style=\"color: #000000;\">Jam aktorja q\u00eb konsiderohem nga nj\u00eb Kryeminist\u00ebr Artist si nj\u00eb nd\u00ebr artistet q\u00eb ka mbledhur m\u00eb shum\u00eb duartrokitje n\u00eb sken\u00ebn e Teatrit Komb\u00ebtar.<\/span><\/p>\n<p><span style=\"color: #000000;\">Shoh q\u00eb jam cituar por jo plot\u00ebsisht, zakon i vjet\u00ebr i politik\u00ebs q\u00eb n\u00eb rastin m\u00eb t\u00eb mir\u00eb e thot\u00eb t\u00eb v\u00ebrtet\u00ebn p\u00ebrgjysm\u00eb dhe kjo e b\u00ebn at\u00eb t\u00eb g\u00ebnjesht\u00ebrt. Kryeministri apo \u00e7do pal\u00eb politike duhet t\u2019i citoj\u00eb dhe referoj\u00eb artist\u00ebt n\u00eb gjith\u00eb t\u00eb v\u00ebrtet\u00ebn e tyre dhe e v\u00ebrteta ime \u00ebsht\u00eb q\u00eb pasi kam k\u00ebrkuar kushte, m\u00eb kan\u00eb larguar nga puna n\u00eb teatrin komb\u00ebtar, pik\u00ebrisht un\u00eb q\u00eb Kryeministri thot\u00eb q\u00eb jam duartrokitur shum\u00eb.<\/span><br \/>\n<span style=\"color: #000000;\">Jam distancuar nga debati p\u00ebr teatrin dhe do t\u00eb p\u00ebrfshihem kur t\u00eb shoh q\u00eb mendimi i artistit v\u00ebrtet\u00eb vlen p\u00ebr teatrin dhe jo p\u00ebr p\u00ebrdorim politik.<\/span><\/p>\n<p><span style=\"color: #000000;\">Un\u00eb vlej !<\/span><br \/>\n<span style=\"color: #000000;\">Vlej sa gjith\u00eb duartrokitjet e publikut tim.<\/span><\/p>\n<p><strong>Postimi i kryeministrit Rama:<\/strong><br \/>\n<iframe loading=\"lazy\" style=\"border: none; overflow: hidden;\" src=\"https:\/\/www.facebook.com\/plugins\/post.php?href=https%3A%2F%2Fwww.facebook.com%2Fedirama.al%2Fposts%2F10156919187626523&amp;width=500\" width=\"500\" height=\"582\" frameborder=\"0\" scrolling=\"no\"><\/iframe><\/p>\n","protected":false,"gt_translate_keys":[{"key":"rendered","format":"html"}]},"excerpt":{"rendered":"<p>Aktorja Marjana Kondi ka reaguar pasi kryeministri n\u00ebp\u00ebrmjet nj\u00eb postimi e rreshtoi me artist\u00ebt q\u00eb \u00ebsht\u00eb pro shembjes s\u00eb Teatrit Komb\u00ebtar. Pas k\u00ebtij postimi t\u00eb Kryeministrit Rama, aktorja n\u00eb reagimin e saj thot\u00eb se nuk \u00ebsht\u00eb cituar plot\u00ebsisht nga kreu i qeveris\u00eb p\u00ebr Teatrin. Kondi n\u00eb reagimin e saj thot\u00eb se ajo \u00ebsht\u00eb larguar nga [&hellip;]<\/p>\n","protected":false,"gt_translate_keys":[{"key":"rendered","format":"html"}]},"author":32,"featured_media":316484,"comment_status":"open","ping_status":"open","sticky":false,"template":"","format":"standard","meta":{"footnotes":""},"categories":[65,13],"tags":[],"class_list":["post-316483","post","type-post","status-publish","format-standard","has-post-thumbnail","hentry","category-lajme","category-te-fundit"],"gt_translate_keys":[{"key":"link","format":"url"}],"_links":{"self":[{"href":"https:\/\/www.hashtag.al\/index.php\/wp-json\/wp\/v2\/posts\/316483","targetHints":{"allow":["GET"]}}],"collection":[{"href":"https:\/\/www.hashtag.al\/index.php\/wp-json\/wp\/v2\/posts"}],"about":[{"href":"https:\/\/www.hashtag.al\/index.php\/wp-json\/wp\/v2\/types\/post"}],"author":[{"embeddable":true,"href":"https:\/\/www.hashtag.al\/index.php\/wp-json\/wp\/v2\/users\/32"}],"replies":[{"embeddable":true,"href":"https:\/\/www.hashtag.al\/index.php\/wp-json\/wp\/v2\/comments?post=316483"}],"version-history":[{"count":0,"href":"https:\/\/www.hashtag.al\/index.php\/wp-json\/wp\/v2\/posts\/316483\/revisions"}],"wp:featuredmedia":[{"embeddable":true,"href":"https:\/\/www.hashtag.al\/index.php\/wp-json\/wp\/v2\/media\/316484"}],"wp:attachment":[{"href":"https:\/\/www.hashtag.al\/index.php\/wp-json\/wp\/v2\/media?parent=316483"}],"wp:term":[{"taxonomy":"category","embeddable":true,"href":"https:\/\/www.hashtag.al\/index.php\/wp-json\/wp\/v2\/categories?post=316483"},{"taxonomy":"post_tag","embeddable":true,"href":"https:\/\/www.hashtag.al\/index.php\/wp-json\/wp\/v2\/tags?post=316483"}],"curies":[{"name":"wp","href":"https:\/\/api.w.org\/{rel}","templated":true}]}}