{"id":316479,"date":"2019-08-18T20:49:33","date_gmt":"2019-08-18T18:49:33","guid":{"rendered":"https:\/\/hashtag.al\/?p=316479"},"modified":"2019-08-18T20:49:33","modified_gmt":"2019-08-18T18:49:33","slug":"mbeturinat-ne-grykederdhjen-e-drinit-krijojne-situate-alarmante-per-mjedisin","status":"publish","type":"post","link":"https:\/\/www.hashtag.al\/index.php\/2019\/08\/18\/mbeturinat-ne-grykederdhjen-e-drinit-krijojne-situate-alarmante-per-mjedisin\/","title":{"rendered":"Mbeturinat n\u00eb gryk\u00ebderdhjen e Drinit krijojn\u00eb situat\u00eb alarmante p\u00ebr mjedisin","gt_translate_keys":[{"key":"rendered","format":"text"}]},"content":{"rendered":"<p><img loading=\"lazy\" decoding=\"async\" class=\"aligncenter size-full wp-image-316480\" src=\"https:\/\/hashtag.al\/wp-content\/uploads\/2019\/08\/drin.jpg\" alt=\"\" width=\"920\" height=\"568\" srcset=\"https:\/\/www.hashtag.al\/wp-content\/uploads\/2019\/08\/drin.jpg 920w, https:\/\/www.hashtag.al\/wp-content\/uploads\/2019\/08\/drin-300x185.jpg 300w, https:\/\/www.hashtag.al\/wp-content\/uploads\/2019\/08\/drin-768x474.jpg 768w\" sizes=\"auto, (max-width: 920px) 100vw, 920px\" \/><\/p>\n<p>N\u00eb gryk\u00ebderdhjen e lumit Drin n\u00eb Lezh\u00eb mbetjet paraqesin nj\u00eb situat\u00eb mjaft alarmante.<\/p>\n<p>Dora e njeriut vijon q\u00eb t\u00eb jet\u00eb nj\u00eb nd\u00ebr shkaktar\u00ebt kryesor\u00eb t\u00eb ndotjes s\u00eb mjedisit, k\u00ebsaj here me hedhjen e mbeturinave n\u00eb lumenj.<\/p>\n<p>Specialisti i mjedisit Jak Gjini \u00a0b\u00ebn me dije p\u00ebr Top Channel se situata \u00ebsht\u00eb mjaft alarmante, pasi d\u00ebmi nuk \u00ebsht\u00eb vet\u00ebm p\u00ebr sh\u00ebndetin dhe gjallesat n\u00eb k\u00ebt\u00eb zone, pasi malet me mbeturina sh\u00ebmtojn\u00eb bukurin\u00eb e k\u00ebsaj zone.<\/p>\n<p>&nbsp;<\/p>\n","protected":false,"gt_translate_keys":[{"key":"rendered","format":"html"}]},"excerpt":{"rendered":"<p>N\u00eb gryk\u00ebderdhjen e lumit Drin n\u00eb Lezh\u00eb mbetjet paraqesin nj\u00eb situat\u00eb mjaft alarmante. Dora e njeriut vijon q\u00eb t\u00eb jet\u00eb nj\u00eb nd\u00ebr shkaktar\u00ebt kryesor\u00eb t\u00eb ndotjes s\u00eb mjedisit, k\u00ebsaj here me hedhjen e mbeturinave n\u00eb lumenj. Specialisti i mjedisit Jak Gjini \u00a0b\u00ebn me dije p\u00ebr Top Channel se situata \u00ebsht\u00eb mjaft alarmante, pasi d\u00ebmi nuk [&hellip;]<\/p>\n","protected":false,"gt_translate_keys":[{"key":"rendered","format":"html"}]},"author":32,"featured_media":316480,"comment_status":"open","ping_status":"open","sticky":false,"template":"","format":"standard","meta":{"footnotes":""},"categories":[65,13],"tags":[],"class_list":["post-316479","post","type-post","status-publish","format-standard","has-post-thumbnail","hentry","category-lajme","category-te-fundit"],"gt_translate_keys":[{"key":"link","format":"url"}],"_links":{"self":[{"href":"https:\/\/www.hashtag.al\/index.php\/wp-json\/wp\/v2\/posts\/316479","targetHints":{"allow":["GET"]}}],"collection":[{"href":"https:\/\/www.hashtag.al\/index.php\/wp-json\/wp\/v2\/posts"}],"about":[{"href":"https:\/\/www.hashtag.al\/index.php\/wp-json\/wp\/v2\/types\/post"}],"author":[{"embeddable":true,"href":"https:\/\/www.hashtag.al\/index.php\/wp-json\/wp\/v2\/users\/32"}],"replies":[{"embeddable":true,"href":"https:\/\/www.hashtag.al\/index.php\/wp-json\/wp\/v2\/comments?post=316479"}],"version-history":[{"count":0,"href":"https:\/\/www.hashtag.al\/index.php\/wp-json\/wp\/v2\/posts\/316479\/revisions"}],"wp:featuredmedia":[{"embeddable":true,"href":"https:\/\/www.hashtag.al\/index.php\/wp-json\/wp\/v2\/media\/316480"}],"wp:attachment":[{"href":"https:\/\/www.hashtag.al\/index.php\/wp-json\/wp\/v2\/media?parent=316479"}],"wp:term":[{"taxonomy":"category","embeddable":true,"href":"https:\/\/www.hashtag.al\/index.php\/wp-json\/wp\/v2\/categories?post=316479"},{"taxonomy":"post_tag","embeddable":true,"href":"https:\/\/www.hashtag.al\/index.php\/wp-json\/wp\/v2\/tags?post=316479"}],"curies":[{"name":"wp","href":"https:\/\/api.w.org\/{rel}","templated":true}]}}