{"id":316308,"date":"2019-08-18T08:30:03","date_gmt":"2019-08-18T06:30:03","guid":{"rendered":"https:\/\/hashtag.al\/?p=316308"},"modified":"2019-08-17T20:39:11","modified_gmt":"2019-08-17T18:39:11","slug":"irani-kritikohet-nga-okb-per-te-drejtat-e-njeriut","status":"publish","type":"post","link":"https:\/\/www.hashtag.al\/index.php\/2019\/08\/18\/irani-kritikohet-nga-okb-per-te-drejtat-e-njeriut\/","title":{"rendered":"Irani kritikohet nga OKB p\u00ebr t\u00eb drejtat e njeriut","gt_translate_keys":[{"key":"rendered","format":"text"}]},"content":{"rendered":"<p><img loading=\"lazy\" decoding=\"async\" class=\"aligncenter size-full wp-image-316309\" src=\"https:\/\/hashtag.al\/wp-content\/uploads\/2019\/08\/united-nations-flag-nyc.jpg\" alt=\"\" width=\"789\" height=\"460\" srcset=\"https:\/\/www.hashtag.al\/wp-content\/uploads\/2019\/08\/united-nations-flag-nyc.jpg 789w, https:\/\/www.hashtag.al\/wp-content\/uploads\/2019\/08\/united-nations-flag-nyc-300x175.jpg 300w, https:\/\/www.hashtag.al\/wp-content\/uploads\/2019\/08\/united-nations-flag-nyc-768x448.jpg 768w\" sizes=\"auto, (max-width: 789px) 100vw, 789px\" \/><\/p>\n<p>Raportuesi i posa\u00e7\u00ebm i Kombeve t\u00eb Bashkuara p\u00ebr t\u00eb drejtat e njeriut n\u00eb Iran, thot\u00eb se vitin e kaluar ka pasur \u201ckufizime n\u00eb rritje\u201d mbi t\u00eb drejtat e liris\u00eb s\u00eb shprehjes dhe lirive t\u00eb tjera, por edhe gjykimeve t\u00eb drejta n\u00eb Iran, duke kritikuar Teheranin p\u00ebr numrin e lart\u00eb t\u00eb ekzekutimeve, p\u00ebrfshir\u00eb k\u00ebtu edhe ekzekutimin e t\u00eb pakt\u00ebn shtat\u00eb f\u00ebmij\u00ebve.<\/p>\n<p>Komentet e Javaid Rehman jan\u00eb b\u00ebr\u00eb n\u00eb raportin \u2013 e titulluar Situata mbi t\u00eb Drejtat e Njeriut n\u00eb Republik\u00ebn Islamike t\u00eb Iranit \u2013 t\u00eb shkruar muajin e kaluar dhe q\u00eb \u00ebsht\u00eb prezantuar n\u00eb K\u00ebshillin e P\u00ebrgjithsh\u00ebm t\u00eb OKB-s\u00eb m\u00eb 16 gusht.<\/p>\n<p>N\u00eb raport, ai shpreh shqet\u00ebsimin e tij pasi Irani ka m\u00eb shum\u00eb se 80 vepra penale q\u00eb jan\u00eb t\u00eb d\u00ebnueshme me vdekje, p\u00ebrfshir\u00eb k\u00ebtu tradhtin\u00eb martesore, homoseksualitetin, posedimin e drog\u00ebs, \u201cluft\u00ebn kund\u00ebr Zotit\u201d, korrupsionin, blasfemin\u00eb dhe fyerjen ndaj profetit Muhamed.<\/p>\n<p>Shumica prej veprave q\u00eb n\u00eb Iran nd\u00ebshkohen me vdekje, sipas Rehman, nuk konsiderohen krime serioze sipas Konvent\u00ebs Nd\u00ebrkomb\u00ebtare p\u00ebr Lirit\u00eb Civile dhe Politike.<\/p>\n<p>Rehman theksoi faktin se numri i ekzekutimeve n\u00eb Iran gjat\u00eb vitit 2018 ishte m\u00eb i ul\u00ebti q\u00eb prej vitit 2007, por shtoi se megjithat\u00eb numri i ekzekutimeve \u201cvazhdon t\u00eb jet\u00eb nd\u00ebr m\u00eb t\u00eb lartit n\u00eb bot\u00eb\u201d.<\/p>\n<p>N\u00eb raportin e OKB-s\u00eb, Teherani po ashtu kritikohet p\u00ebr trajtimin q\u00eb u b\u00ebn minoriteteve etnike.<\/p>\n","protected":false,"gt_translate_keys":[{"key":"rendered","format":"html"}]},"excerpt":{"rendered":"<p>Raportuesi i posa\u00e7\u00ebm i Kombeve t\u00eb Bashkuara p\u00ebr t\u00eb drejtat e njeriut n\u00eb Iran, thot\u00eb se vitin e kaluar ka pasur \u201ckufizime n\u00eb rritje\u201d mbi t\u00eb drejtat e liris\u00eb s\u00eb shprehjes dhe lirive t\u00eb tjera, por edhe gjykimeve t\u00eb drejta n\u00eb Iran, duke kritikuar Teheranin p\u00ebr numrin e lart\u00eb t\u00eb ekzekutimeve, p\u00ebrfshir\u00eb k\u00ebtu edhe ekzekutimin [&hellip;]<\/p>\n","protected":false,"gt_translate_keys":[{"key":"rendered","format":"html"}]},"author":32,"featured_media":316309,"comment_status":"open","ping_status":"open","sticky":false,"template":"","format":"standard","meta":{"footnotes":""},"categories":[6,13],"tags":[],"class_list":["post-316308","post","type-post","status-publish","format-standard","has-post-thumbnail","hentry","category-nderkombetare","category-te-fundit"],"gt_translate_keys":[{"key":"link","format":"url"}],"_links":{"self":[{"href":"https:\/\/www.hashtag.al\/index.php\/wp-json\/wp\/v2\/posts\/316308","targetHints":{"allow":["GET"]}}],"collection":[{"href":"https:\/\/www.hashtag.al\/index.php\/wp-json\/wp\/v2\/posts"}],"about":[{"href":"https:\/\/www.hashtag.al\/index.php\/wp-json\/wp\/v2\/types\/post"}],"author":[{"embeddable":true,"href":"https:\/\/www.hashtag.al\/index.php\/wp-json\/wp\/v2\/users\/32"}],"replies":[{"embeddable":true,"href":"https:\/\/www.hashtag.al\/index.php\/wp-json\/wp\/v2\/comments?post=316308"}],"version-history":[{"count":0,"href":"https:\/\/www.hashtag.al\/index.php\/wp-json\/wp\/v2\/posts\/316308\/revisions"}],"wp:featuredmedia":[{"embeddable":true,"href":"https:\/\/www.hashtag.al\/index.php\/wp-json\/wp\/v2\/media\/316309"}],"wp:attachment":[{"href":"https:\/\/www.hashtag.al\/index.php\/wp-json\/wp\/v2\/media?parent=316308"}],"wp:term":[{"taxonomy":"category","embeddable":true,"href":"https:\/\/www.hashtag.al\/index.php\/wp-json\/wp\/v2\/categories?post=316308"},{"taxonomy":"post_tag","embeddable":true,"href":"https:\/\/www.hashtag.al\/index.php\/wp-json\/wp\/v2\/tags?post=316308"}],"curies":[{"name":"wp","href":"https:\/\/api.w.org\/{rel}","templated":true}]}}