{"id":316286,"date":"2019-08-17T19:15:53","date_gmt":"2019-08-17T17:15:53","guid":{"rendered":"https:\/\/hashtag.al\/?p=316286"},"modified":"2019-08-17T18:57:29","modified_gmt":"2019-08-17T16:57:29","slug":"permbytet-pazari-i-madh-ne-stamboll-humb-jeten-nje-person","status":"publish","type":"post","link":"https:\/\/www.hashtag.al\/index.php\/2019\/08\/17\/permbytet-pazari-i-madh-ne-stamboll-humb-jeten-nje-person\/","title":{"rendered":"P\u00ebrmbytet Pazari i Madh n\u00eb Stamboll, humb jet\u00ebn nj\u00eb person","gt_translate_keys":[{"key":"rendered","format":"text"}]},"content":{"rendered":"<p><img loading=\"lazy\" decoding=\"async\" class=\"aligncenter size-full wp-image-316287\" src=\"https:\/\/hashtag.al\/wp-content\/uploads\/2019\/08\/Turqia1-770x433.jpg\" alt=\"\" width=\"770\" height=\"433\" srcset=\"https:\/\/www.hashtag.al\/wp-content\/uploads\/2019\/08\/Turqia1-770x433.jpg 770w, https:\/\/www.hashtag.al\/wp-content\/uploads\/2019\/08\/Turqia1-770x433-300x169.jpg 300w, https:\/\/www.hashtag.al\/wp-content\/uploads\/2019\/08\/Turqia1-770x433-768x432.jpg 768w\" sizes=\"auto, (max-width: 770px) 100vw, 770px\" \/><\/p>\n<p><span style=\"color: #000000;\">Reshje t\u00eb m\u00ebdha\u00a0 jan\u00eb raportuar sot n\u00eb Stamboll, me p\u00ebrmbytje n\u00eb disa zona si dhe Pazarin e Madh, nd\u00ebrsa zyrtar\u00ebt than\u00eb se nj\u00eb burr\u00eb u gjet i vdekur n\u00eb qytet.<\/span><\/p>\n<p><span style=\"color: #000000;\">Shiu filloi her\u00ebt n\u00eb pjes\u00eb t\u00eb Stambollit n\u00eb m\u00ebngjes her\u00ebt dhe po tensionohej rreth mesdit\u00ebs.\u00a0\u00a0 Pamjet nga pjes\u00eb t\u00eb Pazarit t\u00eb Madh tregojn\u00eb dyqanxhinjt\u00eb, me uj\u00eb q\u00eb arrin deri tek ky\u00e7in e k\u00ebmb\u00ebs, duke nxjerr\u00eb uj\u00eb nga dyqanet dhe korridoret e tyre.<\/span><\/p>\n<p><span style=\"color: #000000;\">Ajo tregon gjithashtu ujin q\u00eb del nga nj\u00eb vrim\u00eb n\u00eb mur brenda tregut, si dhe nj\u00eb pus q\u00eb mbeti i hapur p\u00ebr t\u00eb thithur ujin.\u00a0 Nj\u00eb burr\u00eb i pastreh\u00eb u gjet i vdekur n\u00eb rrethin Unkapani n\u00eb an\u00ebn evropiane t\u00eb qytetit p\u00ebr shkak t\u00eb p\u00ebrmbytjeve, ka shkruar\u00a0 n\u00eb T\u00ebitter nj\u00eb z\u00ebdh\u00ebn\u00ebs i komun\u00ebs s\u00eb Stambollit.<\/span><\/p>\n<p><span style=\"color: #000000;\">Shum\u00eb rrug\u00eb n\u00eb Stamboll, p\u00ebrfshir\u00eb seksione t\u00eb plazheve t\u00eb Bakirkiyoi dhe nj\u00eb pjes\u00eb t\u00eb autostradave kryesore t\u00eb qytetit jan\u00eb p\u00ebrmbytur gjithashtu, tha Qendra Koordinuese e Menaxhimit t\u00eb Fatkeq\u00ebsive Komunale t\u00eb Stambollit (AKOM).\u00a0\u00a0<\/span><\/p>\n<p><span style=\"color: #000000;\">Uji p\u00ebrmbyti gjithashtu nj\u00eb rrug\u00ebkalim n\u00ebntok\u00ebsor, ku shum\u00eb dyqane jan\u00eb n\u00eb rrethin Eminonos, tha ai. Planet e transmetuara nga mediat turke tregojn\u00eb qindra libra dhe produkte q\u00eb notojn\u00eb n\u00eb uj\u00eb nd\u00ebrsa dyqanxhinjt\u00eb p\u00ebrpiqen t\u00eb arrijn\u00eb n\u00eb bel p\u00ebr t\u00eb pastruar zon\u00ebn.\u00a0 Sipas Reuters, AKOM raportoi se 114 kg shi p\u00ebr met\u00ebr katror ra n\u00eb zon\u00ebn Fatih, ku ndodhet Pazari i Madh, si dhe zonat Unkapani dhe Eminonu.<\/span><\/p>\n<p>&nbsp;<\/p>\n","protected":false,"gt_translate_keys":[{"key":"rendered","format":"html"}]},"excerpt":{"rendered":"<p>Reshje t\u00eb m\u00ebdha\u00a0 jan\u00eb raportuar sot n\u00eb Stamboll, me p\u00ebrmbytje n\u00eb disa zona si dhe Pazarin e Madh, nd\u00ebrsa zyrtar\u00ebt than\u00eb se nj\u00eb burr\u00eb u gjet i vdekur n\u00eb qytet. Shiu filloi her\u00ebt n\u00eb pjes\u00eb t\u00eb Stambollit n\u00eb m\u00ebngjes her\u00ebt dhe po tensionohej rreth mesdit\u00ebs.\u00a0\u00a0 Pamjet nga pjes\u00eb t\u00eb Pazarit t\u00eb Madh tregojn\u00eb dyqanxhinjt\u00eb, me [&hellip;]<\/p>\n","protected":false,"gt_translate_keys":[{"key":"rendered","format":"html"}]},"author":32,"featured_media":316287,"comment_status":"open","ping_status":"open","sticky":false,"template":"","format":"standard","meta":{"footnotes":""},"categories":[6,13],"tags":[],"class_list":["post-316286","post","type-post","status-publish","format-standard","has-post-thumbnail","hentry","category-nderkombetare","category-te-fundit"],"gt_translate_keys":[{"key":"link","format":"url"}],"_links":{"self":[{"href":"https:\/\/www.hashtag.al\/index.php\/wp-json\/wp\/v2\/posts\/316286","targetHints":{"allow":["GET"]}}],"collection":[{"href":"https:\/\/www.hashtag.al\/index.php\/wp-json\/wp\/v2\/posts"}],"about":[{"href":"https:\/\/www.hashtag.al\/index.php\/wp-json\/wp\/v2\/types\/post"}],"author":[{"embeddable":true,"href":"https:\/\/www.hashtag.al\/index.php\/wp-json\/wp\/v2\/users\/32"}],"replies":[{"embeddable":true,"href":"https:\/\/www.hashtag.al\/index.php\/wp-json\/wp\/v2\/comments?post=316286"}],"version-history":[{"count":0,"href":"https:\/\/www.hashtag.al\/index.php\/wp-json\/wp\/v2\/posts\/316286\/revisions"}],"wp:featuredmedia":[{"embeddable":true,"href":"https:\/\/www.hashtag.al\/index.php\/wp-json\/wp\/v2\/media\/316287"}],"wp:attachment":[{"href":"https:\/\/www.hashtag.al\/index.php\/wp-json\/wp\/v2\/media?parent=316286"}],"wp:term":[{"taxonomy":"category","embeddable":true,"href":"https:\/\/www.hashtag.al\/index.php\/wp-json\/wp\/v2\/categories?post=316286"},{"taxonomy":"post_tag","embeddable":true,"href":"https:\/\/www.hashtag.al\/index.php\/wp-json\/wp\/v2\/tags?post=316286"}],"curies":[{"name":"wp","href":"https:\/\/api.w.org\/{rel}","templated":true}]}}