{"id":315987,"date":"2019-08-16T08:00:42","date_gmt":"2019-08-16T06:00:42","guid":{"rendered":"https:\/\/hashtag.al\/?p=315987"},"modified":"2019-08-15T23:13:18","modified_gmt":"2019-08-15T21:13:18","slug":"salvini-dhe-conte-perplasen-per-anijen-spanjolle-me-emigrante","status":"publish","type":"post","link":"https:\/\/www.hashtag.al\/index.php\/2019\/08\/16\/salvini-dhe-conte-perplasen-per-anijen-spanjolle-me-emigrante\/","title":{"rendered":"Salvini dhe Conte p\u00ebrplasen p\u00ebr anijen spanjolle me emigrant\u00eb","gt_translate_keys":[{"key":"rendered","format":"text"}]},"content":{"rendered":"<p><img loading=\"lazy\" decoding=\"async\" class=\"size-full wp-image-315989\" src=\"https:\/\/hashtag.al\/wp-content\/uploads\/2019\/08\/Salvini-Conte.jpg\" alt=\"\" width=\"1280\" height=\"600\" srcset=\"https:\/\/www.hashtag.al\/wp-content\/uploads\/2019\/08\/Salvini-Conte.jpg 1280w, https:\/\/www.hashtag.al\/wp-content\/uploads\/2019\/08\/Salvini-Conte-300x141.jpg 300w, https:\/\/www.hashtag.al\/wp-content\/uploads\/2019\/08\/Salvini-Conte-768x360.jpg 768w, https:\/\/www.hashtag.al\/wp-content\/uploads\/2019\/08\/Salvini-Conte-1024x480.jpg 1024w\" sizes=\"auto, (max-width: 1280px) 100vw, 1280px\" \/><\/p>\n<p><span style=\"color: #000000;\">Intensifikohen mosmarr\u00ebveshjet mbi anijen spanjolle t\u00eb ankoruar n\u00eb jug t\u00eb Italis\u00eb me 147 migrant\u00eb n\u00eb bord, midis Ministrit t\u00eb Brendsh\u00ebm t\u00eb Italis\u00eb Matteo Salvini, kryeministrit dhe ministrave t\u00eb tjer\u00eb.<\/span><\/p>\n<p><span style=\"color: #000000;\">\u00a0Kryeministri Giuseppe Conte e quajti \u00a0Salvinin <em>&#8220;t\u00eb pabes\u00eb&#8221;<\/em> dhe <em>&#8220;t\u00eb fiksuar&#8221;<\/em> me mbajtjen e migrant\u00ebve jasht\u00eb porteve italiane.<\/span><\/p>\n<p><span style=\"color: #000000;\">Dy ministra nuk pranuan t\u00eb n\u00ebnshkruajn\u00eb urdhrat e Salvinin, q\u00eb ndalojn\u00eb anijen \u201cOpen Arms\u201d t\u00eb futet n\u00eb Lampedusa.<\/span><\/p>\n<p><span style=\"color: #000000;\">\u00a0Conte tha q\u00eb gjasht\u00eb vende t\u00eb BE-s\u00eb tani ishin <em>&#8220;t\u00eb gatshme t\u00eb mir\u00ebpresin migrant\u00ebt&#8221;.<\/em><\/span><\/p>\n<p><span style=\"color: #000000;\">N\u00eb nj\u00eb let\u00ebr t\u00eb hapur drejtuar Salvinit n\u00eb \u201cFacebook\u201d, kryeministri permendi vendet si: Franca, Gjermania, Rumania, Portugalia, Spanja dhe Luksemburgu.<\/span><\/p>\n<p><span style=\"color: #000000;\">Emigrant\u00ebt t\u00eb shp\u00ebtuar nga brigjet e Libis\u00eb, kan\u00eb mbetur n\u00eb det t\u00eb hapur p\u00ebr dy jav\u00eb. Ishulli i vog\u00ebl i Lampedus\u00ebs ka qen\u00eb prej koh\u00ebsh nj\u00eb pik\u00eb t\u00ebrheq\u00ebse p\u00ebr migrant\u00ebt afrikan\u00eb q\u00eb ikin nga dhuna dhe varf\u00ebria.<\/span><\/p>\n<p><span style=\"color: #000000;\">Salvini iu kund\u00ebrp\u00ebrgjigj Contes me nj\u00eb let\u00ebr t\u00eb hapur ku shprehet se politika e tij e <em>&#8220;porteve t\u00eb mbyllura&#8221;<\/em> po funksiononte.<\/span><\/p>\n<p><span style=\"color: #000000;\"><em>&#8220;Pa k\u00ebt\u00eb q\u00ebndrueshm\u00ebri, Bashkimi Evropian kurr\u00eb nuk do t\u00eb kishte l\u00ebvizur as gishtin, duke l\u00ebn\u00eb Italin\u00eb dhe italian\u00ebt vet\u00ebm, ashtu si\u00e7 b\u00ebri n\u00eb vitet e qeverive t\u00eb Matteo Renzit dhe PD-s\u00eb.\u201d<\/em>, jan\u00eb fjal\u00ebt e Salvinit.<\/span><\/p>\n<p><img loading=\"lazy\" decoding=\"async\" class=\"aligncenter size-full wp-image-315988\" src=\"https:\/\/hashtag.al\/wp-content\/uploads\/2019\/08\/anija.jpg\" alt=\"\" width=\"660\" height=\"371\" srcset=\"https:\/\/www.hashtag.al\/wp-content\/uploads\/2019\/08\/anija.jpg 660w, https:\/\/www.hashtag.al\/wp-content\/uploads\/2019\/08\/anija-300x169.jpg 300w\" sizes=\"auto, (max-width: 660px) 100vw, 660px\" \/><\/p>\n","protected":false,"gt_translate_keys":[{"key":"rendered","format":"html"}]},"excerpt":{"rendered":"<p>Intensifikohen mosmarr\u00ebveshjet mbi anijen spanjolle t\u00eb ankoruar n\u00eb jug t\u00eb Italis\u00eb me 147 migrant\u00eb n\u00eb bord, midis Ministrit t\u00eb Brendsh\u00ebm t\u00eb Italis\u00eb Matteo Salvini, kryeministrit dhe ministrave t\u00eb tjer\u00eb. \u00a0Kryeministri Giuseppe Conte e quajti \u00a0Salvinin &#8220;t\u00eb pabes\u00eb&#8221; dhe &#8220;t\u00eb fiksuar&#8221; me mbajtjen e migrant\u00ebve jasht\u00eb porteve italiane. Dy ministra nuk pranuan t\u00eb n\u00ebnshkruajn\u00eb urdhrat e [&hellip;]<\/p>\n","protected":false,"gt_translate_keys":[{"key":"rendered","format":"html"}]},"author":30,"featured_media":315989,"comment_status":"open","ping_status":"open","sticky":false,"template":"","format":"standard","meta":{"footnotes":""},"categories":[6],"tags":[],"class_list":["post-315987","post","type-post","status-publish","format-standard","has-post-thumbnail","hentry","category-nderkombetare"],"gt_translate_keys":[{"key":"link","format":"url"}],"_links":{"self":[{"href":"https:\/\/www.hashtag.al\/index.php\/wp-json\/wp\/v2\/posts\/315987","targetHints":{"allow":["GET"]}}],"collection":[{"href":"https:\/\/www.hashtag.al\/index.php\/wp-json\/wp\/v2\/posts"}],"about":[{"href":"https:\/\/www.hashtag.al\/index.php\/wp-json\/wp\/v2\/types\/post"}],"author":[{"embeddable":true,"href":"https:\/\/www.hashtag.al\/index.php\/wp-json\/wp\/v2\/users\/30"}],"replies":[{"embeddable":true,"href":"https:\/\/www.hashtag.al\/index.php\/wp-json\/wp\/v2\/comments?post=315987"}],"version-history":[{"count":0,"href":"https:\/\/www.hashtag.al\/index.php\/wp-json\/wp\/v2\/posts\/315987\/revisions"}],"wp:featuredmedia":[{"embeddable":true,"href":"https:\/\/www.hashtag.al\/index.php\/wp-json\/wp\/v2\/media\/315989"}],"wp:attachment":[{"href":"https:\/\/www.hashtag.al\/index.php\/wp-json\/wp\/v2\/media?parent=315987"}],"wp:term":[{"taxonomy":"category","embeddable":true,"href":"https:\/\/www.hashtag.al\/index.php\/wp-json\/wp\/v2\/categories?post=315987"},{"taxonomy":"post_tag","embeddable":true,"href":"https:\/\/www.hashtag.al\/index.php\/wp-json\/wp\/v2\/tags?post=315987"}],"curies":[{"name":"wp","href":"https:\/\/api.w.org\/{rel}","templated":true}]}}