{"id":315940,"date":"2019-08-15T18:01:59","date_gmt":"2019-08-15T16:01:59","guid":{"rendered":"https:\/\/hashtag.al\/?p=315940"},"modified":"2019-08-15T18:01:59","modified_gmt":"2019-08-15T16:01:59","slug":"emigrantet-e-bllokuar-ne-mesdhe-6-vendet-e-be-se-pranojne-strehimin-e-tyre","status":"publish","type":"post","link":"https:\/\/www.hashtag.al\/index.php\/2019\/08\/15\/emigrantet-e-bllokuar-ne-mesdhe-6-vendet-e-be-se-pranojne-strehimin-e-tyre\/","title":{"rendered":"Emigrant\u00ebt e bllokuar n\u00eb Mesdhe, 6 vendet e BE-s\u00eb pranojn\u00eb strehimin e tyre","gt_translate_keys":[{"key":"rendered","format":"text"}]},"content":{"rendered":"<p><img loading=\"lazy\" decoding=\"async\" class=\"aligncenter size-full wp-image-136183\" src=\"https:\/\/hashtag.al\/wp-content\/uploads\/2017\/06\/Mesdhe.jpg\" alt=\"\" width=\"900\" height=\"500\" \/><\/p>\n<p>Kryeministri i Italis\u00eb, Giuseppe Conte, tha se gjasht\u00eb vende t\u00eb BE-s\u00eb, jan\u00eb pajtuar t\u00eb marrin rreth 150 migrant\u00eb t\u00eb cil\u00ebt po q\u00ebndrojn\u00eb n\u00eb nj\u00eb anije n\u00eb Detin Mesdhe, pasi Italia u ndaloi hyrjen n\u00eb territorin e saj.<\/p>\n<p>Migant\u00ebt do t\u00eb shkojn\u00eb n\u00eb Franc\u00eb, Gjermani, Rumani, Portugali, Spanj\u00eb dhe Luksemburg.<\/p>\n<p>Kryeministri Conte kritikoi ministrin e Brendsh\u00ebm, Matteo Salvini p\u00ebr ndales\u00ebn ndaj migrant\u00ebve duke i th\u00ebn\u00eb se ai \u00ebsht\u00eb i \u201cfiksuar\u201d pas mbylljes s\u00eb porteve t\u00eb Italis\u00eb p\u00ebr migrant\u00ebt, raporton REL.<\/p>\n<p>Para njoftimit t\u00eb Contes, Spanja tha se po punonte me shtetet e tjera t\u00eb BE-s\u00eb dhe Komisionin Evropian p\u00ebr t\u00eb gjetur nj\u00eb \u201czgjidhje t\u00eb p\u00ebrbashk\u00ebt dhe t\u00eb rregullt\u201d, dhe ishte e gatshme t\u00eb \u201cmerrte pjes\u00eb n\u00eb nj\u00eb shp\u00ebrndarje t\u00eb ekuilibruar t\u00eb migrant\u00ebve n\u00eb bordin e anijes\u201d.<\/p>\n<p>Edhe zyrtar\u00ebt francez\u00eb dhe gjerman\u00eb konfirmuan se po zhvillonin bisedime p\u00ebr t\u00eb zgjidhur k\u00ebt\u00eb \u00e7\u00ebshtje.<\/p>\n","protected":false,"gt_translate_keys":[{"key":"rendered","format":"html"}]},"excerpt":{"rendered":"<p>Kryeministri i Italis\u00eb, Giuseppe Conte, tha se gjasht\u00eb vende t\u00eb BE-s\u00eb, jan\u00eb pajtuar t\u00eb marrin rreth 150 migrant\u00eb t\u00eb cil\u00ebt po q\u00ebndrojn\u00eb n\u00eb nj\u00eb anije n\u00eb Detin Mesdhe, pasi Italia u ndaloi hyrjen n\u00eb territorin e saj. Migant\u00ebt do t\u00eb shkojn\u00eb n\u00eb Franc\u00eb, Gjermani, Rumani, Portugali, Spanj\u00eb dhe Luksemburg. Kryeministri Conte kritikoi ministrin e Brendsh\u00ebm, [&hellip;]<\/p>\n","protected":false,"gt_translate_keys":[{"key":"rendered","format":"html"}]},"author":32,"featured_media":315340,"comment_status":"open","ping_status":"open","sticky":false,"template":"","format":"standard","meta":{"footnotes":""},"categories":[6,13],"tags":[],"class_list":["post-315940","post","type-post","status-publish","format-standard","has-post-thumbnail","hentry","category-nderkombetare","category-te-fundit"],"gt_translate_keys":[{"key":"link","format":"url"}],"_links":{"self":[{"href":"https:\/\/www.hashtag.al\/index.php\/wp-json\/wp\/v2\/posts\/315940","targetHints":{"allow":["GET"]}}],"collection":[{"href":"https:\/\/www.hashtag.al\/index.php\/wp-json\/wp\/v2\/posts"}],"about":[{"href":"https:\/\/www.hashtag.al\/index.php\/wp-json\/wp\/v2\/types\/post"}],"author":[{"embeddable":true,"href":"https:\/\/www.hashtag.al\/index.php\/wp-json\/wp\/v2\/users\/32"}],"replies":[{"embeddable":true,"href":"https:\/\/www.hashtag.al\/index.php\/wp-json\/wp\/v2\/comments?post=315940"}],"version-history":[{"count":0,"href":"https:\/\/www.hashtag.al\/index.php\/wp-json\/wp\/v2\/posts\/315940\/revisions"}],"wp:featuredmedia":[{"embeddable":true,"href":"https:\/\/www.hashtag.al\/index.php\/wp-json\/wp\/v2\/media\/315340"}],"wp:attachment":[{"href":"https:\/\/www.hashtag.al\/index.php\/wp-json\/wp\/v2\/media?parent=315940"}],"wp:term":[{"taxonomy":"category","embeddable":true,"href":"https:\/\/www.hashtag.al\/index.php\/wp-json\/wp\/v2\/categories?post=315940"},{"taxonomy":"post_tag","embeddable":true,"href":"https:\/\/www.hashtag.al\/index.php\/wp-json\/wp\/v2\/tags?post=315940"}],"curies":[{"name":"wp","href":"https:\/\/api.w.org\/{rel}","templated":true}]}}