{"id":315736,"date":"2019-08-14T17:53:00","date_gmt":"2019-08-14T15:53:00","guid":{"rendered":"https:\/\/hashtag.al\/?p=315736"},"modified":"2019-08-14T17:53:00","modified_gmt":"2019-08-14T15:53:00","slug":"situata-nga-i-nxehti-flaket-ullishtet-ne-patos","status":"publish","type":"post","link":"https:\/\/www.hashtag.al\/index.php\/2019\/08\/14\/situata-nga-i-nxehti-flaket-ullishtet-ne-patos\/","title":{"rendered":"Situata nga i nxehti, flak\u00ebt ullishtet n\u00eb Patos","gt_translate_keys":[{"key":"rendered","format":"text"}]},"content":{"rendered":"<p><img loading=\"lazy\" decoding=\"async\" class=\"aligncenter size-full wp-image-315667\" src=\"https:\/\/hashtag.al\/wp-content\/uploads\/2019\/08\/zjarr-1.jpg\" alt=\"\" width=\"1106\" height=\"592\" srcset=\"https:\/\/www.hashtag.al\/wp-content\/uploads\/2019\/08\/zjarr-1.jpg 1106w, https:\/\/www.hashtag.al\/wp-content\/uploads\/2019\/08\/zjarr-1-300x160.jpg 300w, https:\/\/www.hashtag.al\/wp-content\/uploads\/2019\/08\/zjarr-1-768x411.jpg 768w, https:\/\/www.hashtag.al\/wp-content\/uploads\/2019\/08\/zjarr-1-1024x548.jpg 1024w\" sizes=\"auto, (max-width: 1106px) 100vw, 1106px\" \/><\/p>\n<p><span style=\"color: #000000;\">Nj\u00eb zjarr masiv ka p\u00ebrfshir\u00eb sot ullishtet dhe shkurret n\u00eb fshatin Siqece t\u00eb nj\u00ebsis\u00eb administrative Ruzhdie, n\u00eb Patos.<\/span><\/p>\n<p><span style=\"color: #000000;\">N\u00eb zon\u00eb kan\u00eb mb\u00ebrritur menj\u00ebher\u00eb zjarrfik\u00ebset nga Patosi.<\/span><\/p>\n<p><span style=\"color: #000000;\">Terreni i v\u00ebshtir\u00eb dhe era e fort\u00eb favorizojn\u00eb p\u00ebrhapjen e flak\u00ebve. K\u00ebt\u00eb ver\u00eb, n\u00eb k\u00ebt\u00eb zon\u00eb dhe t\u00eb tjera ka pasur vatra t\u00eb vazhdueshme zjarri.<\/span><\/p>\n","protected":false,"gt_translate_keys":[{"key":"rendered","format":"html"}]},"excerpt":{"rendered":"<p>Nj\u00eb zjarr masiv ka p\u00ebrfshir\u00eb sot ullishtet dhe shkurret n\u00eb fshatin Siqece t\u00eb nj\u00ebsis\u00eb administrative Ruzhdie, n\u00eb Patos. N\u00eb zon\u00eb kan\u00eb mb\u00ebrritur menj\u00ebher\u00eb zjarrfik\u00ebset nga Patosi. Terreni i v\u00ebshtir\u00eb dhe era e fort\u00eb favorizojn\u00eb p\u00ebrhapjen e flak\u00ebve. K\u00ebt\u00eb ver\u00eb, n\u00eb k\u00ebt\u00eb zon\u00eb dhe t\u00eb tjera ka pasur vatra t\u00eb vazhdueshme zjarri.<\/p>\n","protected":false,"gt_translate_keys":[{"key":"rendered","format":"html"}]},"author":32,"featured_media":315667,"comment_status":"open","ping_status":"open","sticky":false,"template":"","format":"standard","meta":{"footnotes":""},"categories":[65,13],"tags":[],"class_list":["post-315736","post","type-post","status-publish","format-standard","has-post-thumbnail","hentry","category-lajme","category-te-fundit"],"gt_translate_keys":[{"key":"link","format":"url"}],"_links":{"self":[{"href":"https:\/\/www.hashtag.al\/index.php\/wp-json\/wp\/v2\/posts\/315736","targetHints":{"allow":["GET"]}}],"collection":[{"href":"https:\/\/www.hashtag.al\/index.php\/wp-json\/wp\/v2\/posts"}],"about":[{"href":"https:\/\/www.hashtag.al\/index.php\/wp-json\/wp\/v2\/types\/post"}],"author":[{"embeddable":true,"href":"https:\/\/www.hashtag.al\/index.php\/wp-json\/wp\/v2\/users\/32"}],"replies":[{"embeddable":true,"href":"https:\/\/www.hashtag.al\/index.php\/wp-json\/wp\/v2\/comments?post=315736"}],"version-history":[{"count":0,"href":"https:\/\/www.hashtag.al\/index.php\/wp-json\/wp\/v2\/posts\/315736\/revisions"}],"wp:featuredmedia":[{"embeddable":true,"href":"https:\/\/www.hashtag.al\/index.php\/wp-json\/wp\/v2\/media\/315667"}],"wp:attachment":[{"href":"https:\/\/www.hashtag.al\/index.php\/wp-json\/wp\/v2\/media?parent=315736"}],"wp:term":[{"taxonomy":"category","embeddable":true,"href":"https:\/\/www.hashtag.al\/index.php\/wp-json\/wp\/v2\/categories?post=315736"},{"taxonomy":"post_tag","embeddable":true,"href":"https:\/\/www.hashtag.al\/index.php\/wp-json\/wp\/v2\/tags?post=315736"}],"curies":[{"name":"wp","href":"https:\/\/api.w.org\/{rel}","templated":true}]}}