{"id":315733,"date":"2019-08-14T17:31:46","date_gmt":"2019-08-14T15:31:46","guid":{"rendered":"https:\/\/hashtag.al\/?p=315733"},"modified":"2019-08-14T17:31:46","modified_gmt":"2019-08-14T15:31:46","slug":"akuzat-per-shperdorim-dhe-falsifikim-gjykata-jep-vendimin-per-nendrejtorin-e-kadastres-se-durresit","status":"publish","type":"post","link":"https:\/\/www.hashtag.al\/index.php\/2019\/08\/14\/akuzat-per-shperdorim-dhe-falsifikim-gjykata-jep-vendimin-per-nendrejtorin-e-kadastres-se-durresit\/","title":{"rendered":"Akuzat p\u00ebr shp\u00ebrdorim dhe falsifikim, Gjykata jep vendimin p\u00ebr n\u00ebndrejtorin e Kadastr\u00ebs s\u00eb Durr\u00ebsit","gt_translate_keys":[{"key":"rendered","format":"text"}]},"content":{"rendered":"<p><img loading=\"lazy\" decoding=\"async\" class=\"aligncenter size-full wp-image-315734\" src=\"https:\/\/hashtag.al\/wp-content\/uploads\/2019\/08\/isaku1.jpg\" alt=\"\" width=\"628\" height=\"405\" srcset=\"https:\/\/www.hashtag.al\/wp-content\/uploads\/2019\/08\/isaku1.jpg 628w, https:\/\/www.hashtag.al\/wp-content\/uploads\/2019\/08\/isaku1-300x193.jpg 300w\" sizes=\"auto, (max-width: 628px) 100vw, 628px\" \/><\/p>\n<p>Gjykata e Durr\u00ebsit ka vendosur sot detyrim paraqitje p\u00ebr n\u00ebndrejtorin e Kadastr\u00ebs se Durr\u00ebsit, Arben Isaku.<\/p>\n<p>Isaku akuzohej p\u00ebr vepr\u00ebn penale t\u00eb falsifikimit dhe shp\u00ebrdorimit t\u00eb detyr\u00ebs.<\/p>\n<p>Po ashtu e nj\u00ebjta mas\u00eb \u00ebsht\u00eb dh\u00ebn\u00eb edhe p\u00ebr\u00a0dy t\u00eb arrestuarit e tjer\u00eb, specialistin F. Rexho. dhe ekonomistin R.K.<\/p>\n<p>Isaku nj\u00eb dit\u00eb m\u00eb par\u00eb u vet\u00ebdor\u00ebzua n\u00eb polici pasi ishte shpallur n\u00eb kerkim prej disa dit\u00ebsh.<\/p>\n","protected":false,"gt_translate_keys":[{"key":"rendered","format":"html"}]},"excerpt":{"rendered":"<p>Gjykata e Durr\u00ebsit ka vendosur sot detyrim paraqitje p\u00ebr n\u00ebndrejtorin e Kadastr\u00ebs se Durr\u00ebsit, Arben Isaku. Isaku akuzohej p\u00ebr vepr\u00ebn penale t\u00eb falsifikimit dhe shp\u00ebrdorimit t\u00eb detyr\u00ebs. Po ashtu e nj\u00ebjta mas\u00eb \u00ebsht\u00eb dh\u00ebn\u00eb edhe p\u00ebr\u00a0dy t\u00eb arrestuarit e tjer\u00eb, specialistin F. Rexho. dhe ekonomistin R.K. Isaku nj\u00eb dit\u00eb m\u00eb par\u00eb u vet\u00ebdor\u00ebzua n\u00eb polici [&hellip;]<\/p>\n","protected":false,"gt_translate_keys":[{"key":"rendered","format":"html"}]},"author":32,"featured_media":315734,"comment_status":"open","ping_status":"open","sticky":false,"template":"","format":"standard","meta":{"footnotes":""},"categories":[65,13],"tags":[],"class_list":["post-315733","post","type-post","status-publish","format-standard","has-post-thumbnail","hentry","category-lajme","category-te-fundit"],"gt_translate_keys":[{"key":"link","format":"url"}],"_links":{"self":[{"href":"https:\/\/www.hashtag.al\/index.php\/wp-json\/wp\/v2\/posts\/315733","targetHints":{"allow":["GET"]}}],"collection":[{"href":"https:\/\/www.hashtag.al\/index.php\/wp-json\/wp\/v2\/posts"}],"about":[{"href":"https:\/\/www.hashtag.al\/index.php\/wp-json\/wp\/v2\/types\/post"}],"author":[{"embeddable":true,"href":"https:\/\/www.hashtag.al\/index.php\/wp-json\/wp\/v2\/users\/32"}],"replies":[{"embeddable":true,"href":"https:\/\/www.hashtag.al\/index.php\/wp-json\/wp\/v2\/comments?post=315733"}],"version-history":[{"count":0,"href":"https:\/\/www.hashtag.al\/index.php\/wp-json\/wp\/v2\/posts\/315733\/revisions"}],"wp:featuredmedia":[{"embeddable":true,"href":"https:\/\/www.hashtag.al\/index.php\/wp-json\/wp\/v2\/media\/315734"}],"wp:attachment":[{"href":"https:\/\/www.hashtag.al\/index.php\/wp-json\/wp\/v2\/media?parent=315733"}],"wp:term":[{"taxonomy":"category","embeddable":true,"href":"https:\/\/www.hashtag.al\/index.php\/wp-json\/wp\/v2\/categories?post=315733"},{"taxonomy":"post_tag","embeddable":true,"href":"https:\/\/www.hashtag.al\/index.php\/wp-json\/wp\/v2\/tags?post=315733"}],"curies":[{"name":"wp","href":"https:\/\/api.w.org\/{rel}","templated":true}]}}