{"id":315630,"date":"2019-08-14T11:15:40","date_gmt":"2019-08-14T09:15:40","guid":{"rendered":"https:\/\/hashtag.al\/?p=315630"},"modified":"2019-08-14T11:19:40","modified_gmt":"2019-08-14T09:19:40","slug":"pezullohen-dy-roje-dhe-transferohet-drejtori-i-burgut-pas-vetevrasjes-se-jeffrey-epstein","status":"publish","type":"post","link":"https:\/\/www.hashtag.al\/index.php\/2019\/08\/14\/pezullohen-dy-roje-dhe-transferohet-drejtori-i-burgut-pas-vetevrasjes-se-jeffrey-epstein\/","title":{"rendered":"Pezullohen dy roje dhe transferohet drejtori i burgut pas vet\u00ebvrasjes s\u00eb Jeffrey Epstein","gt_translate_keys":[{"key":"rendered","format":"text"}]},"content":{"rendered":"<p><img loading=\"lazy\" decoding=\"async\" class=\"aligncenter size-full wp-image-315632\" src=\"https:\/\/hashtag.al\/wp-content\/uploads\/2019\/08\/Jefrey-Apestein.jpg\" alt=\"\" width=\"650\" height=\"365\" srcset=\"https:\/\/www.hashtag.al\/wp-content\/uploads\/2019\/08\/Jefrey-Apestein.jpg 650w, https:\/\/www.hashtag.al\/wp-content\/uploads\/2019\/08\/Jefrey-Apestein-300x168.jpg 300w\" sizes=\"auto, (max-width: 650px) 100vw, 650px\" \/><\/p>\n<p><span style=\"color: #000000;\">Dy roje burgu jan\u00eb pezulluar dhe nj\u00eb kujdestar i ri \u00ebsht\u00eb em\u00ebruar p\u00ebrkoh\u00ebsisht n\u00eb burgun e New York, aty ku u vet\u00ebvra Jeffrey Epstein.<\/span><\/p>\n<p><span style=\"color: #000000;\">Kjo l\u00ebvizje vjen pasi FBI hapi nj\u00eb hetim p\u00ebr vdekjen e Epstein, i cili ishte arrestuar p\u00ebr pedofili.<\/span><\/p>\n<p><span style=\"color: #000000;\">&#8220;<span style=\"color: #0000ff;\"><a style=\"color: #0000ff;\" href=\"https:\/\/www.bbc.com\/news\/world-us-canada-49323327\">BBC<\/a><\/span>&#8221; shkruan se prokurori i P\u00ebrgjithsh\u00ebm William Barr urdh\u00ebroi pezullimin e rojeve t\u00eb burgut, nj\u00eb dit\u00eb pasi kritikoi &#8220;<em>d\u00ebshtimin<\/em>&#8221; e burgut n\u00eb mbrojtjen e Epstein.<\/span><\/p>\n<p><span style=\"color: #000000;\">Epstein ishte vendosur n\u00ebn v\u00ebzhgim p\u00ebr t&#8217;u ruajtur nga vet\u00ebvrasja pas nj\u00eb p\u00ebrpjekjeje t\u00eb tij muajin e kaluar p\u00ebr t&#8217;i dh\u00ebn\u00eb fund jet\u00ebs.<\/span><\/p>\n<p><span style=\"color: #000000;\">Ai mendohej t\u00eb kontrollohej nga nj\u00eb roje \u00e7do 30 minuta.<\/span><\/p>\n<p><span style=\"color: #000000;\">Para arrestimit, Epstein num\u00ebronte shum\u00eb miq t\u00eb pasur t\u00eb pasur dhe t\u00eb fuqish\u00ebm, p\u00ebrfshir\u00eb ish-Presidentin Bill Klinton dhe presidentin aktual t\u00eb SHBA-ve Donald Trump, apo princin britanik Andre\u00eb.<\/span><\/p>\n<p><span style=\"color: #000000;\">T\u00eb mart\u00ebn, nj\u00eb zyrtar i sindikat\u00ebs p\u00ebr punonj\u00ebsit e burgjeve tha se nj\u00eb nga rojet n\u00eb nj\u00ebsin\u00eb e Epsteinit nuk ishte nj\u00eb oficer q\u00eb i p\u00ebrmbushte t\u00eb gjitha aft\u00ebsit\u00eb, por operonte si roje p\u00ebr shkak t\u00eb munges\u00ebs s\u00eb personelit.<\/span><\/p>\n<p><span style=\"color: #000000;\">T\u00eb dy rojet q\u00eb punonin n\u00eb nj\u00ebsin\u00eb e tij po punonin me nd\u00ebrrime jasht\u00eb orarit, por \u00ebsht\u00eb e paqart\u00eb n\u00ebse ata po e b\u00ebnin k\u00ebt\u00eb vullnetarisht.<\/span><\/p>\n<p><span style=\"color: #000000;\">N\u00eb nj\u00eb deklarat\u00eb, Barr tha <em>&#8220;urdh\u00ebrova Byron\u00eb e Burgjeve q\u00eb t\u00eb caktonte p\u00ebrkoh\u00ebsisht drejtorin Lamine N&#8217;Diaye n\u00eb nj\u00eb zyr\u00eb rajonale, n\u00eb pritje t\u00eb nj\u00eb hetimi t\u00eb plot\u00eb. Ai do t\u00eb z\u00ebvend\u00ebsohet nga James Petrucci, drejtori i burgut federal n\u00eb Otisville, New York.&#8221;<\/em><\/span><\/p>\n<p><img loading=\"lazy\" decoding=\"async\" class=\"aligncenter size-full wp-image-315631\" src=\"https:\/\/hashtag.al\/wp-content\/uploads\/2019\/08\/Burgu.jpg\" alt=\"\" width=\"660\" height=\"438\" srcset=\"https:\/\/www.hashtag.al\/wp-content\/uploads\/2019\/08\/Burgu.jpg 660w, https:\/\/www.hashtag.al\/wp-content\/uploads\/2019\/08\/Burgu-300x199.jpg 300w\" sizes=\"auto, (max-width: 660px) 100vw, 660px\" \/><\/p>\n","protected":false,"gt_translate_keys":[{"key":"rendered","format":"html"}]},"excerpt":{"rendered":"<p>Dy roje burgu jan\u00eb pezulluar dhe nj\u00eb kujdestar i ri \u00ebsht\u00eb em\u00ebruar p\u00ebrkoh\u00ebsisht n\u00eb burgun e New York, aty ku u vet\u00ebvra Jeffrey Epstein. Kjo l\u00ebvizje vjen pasi FBI hapi nj\u00eb hetim p\u00ebr vdekjen e Epstein, i cili ishte arrestuar p\u00ebr pedofili. &#8220;BBC&#8221; shkruan se prokurori i P\u00ebrgjithsh\u00ebm William Barr urdh\u00ebroi pezullimin e rojeve t\u00eb [&hellip;]<\/p>\n","protected":false,"gt_translate_keys":[{"key":"rendered","format":"html"}]},"author":30,"featured_media":314921,"comment_status":"open","ping_status":"open","sticky":false,"template":"","format":"standard","meta":{"footnotes":""},"categories":[6],"tags":[],"class_list":["post-315630","post","type-post","status-publish","format-standard","has-post-thumbnail","hentry","category-nderkombetare"],"gt_translate_keys":[{"key":"link","format":"url"}],"_links":{"self":[{"href":"https:\/\/www.hashtag.al\/index.php\/wp-json\/wp\/v2\/posts\/315630","targetHints":{"allow":["GET"]}}],"collection":[{"href":"https:\/\/www.hashtag.al\/index.php\/wp-json\/wp\/v2\/posts"}],"about":[{"href":"https:\/\/www.hashtag.al\/index.php\/wp-json\/wp\/v2\/types\/post"}],"author":[{"embeddable":true,"href":"https:\/\/www.hashtag.al\/index.php\/wp-json\/wp\/v2\/users\/30"}],"replies":[{"embeddable":true,"href":"https:\/\/www.hashtag.al\/index.php\/wp-json\/wp\/v2\/comments?post=315630"}],"version-history":[{"count":0,"href":"https:\/\/www.hashtag.al\/index.php\/wp-json\/wp\/v2\/posts\/315630\/revisions"}],"wp:featuredmedia":[{"embeddable":true,"href":"https:\/\/www.hashtag.al\/index.php\/wp-json\/wp\/v2\/media\/314921"}],"wp:attachment":[{"href":"https:\/\/www.hashtag.al\/index.php\/wp-json\/wp\/v2\/media?parent=315630"}],"wp:term":[{"taxonomy":"category","embeddable":true,"href":"https:\/\/www.hashtag.al\/index.php\/wp-json\/wp\/v2\/categories?post=315630"},{"taxonomy":"post_tag","embeddable":true,"href":"https:\/\/www.hashtag.al\/index.php\/wp-json\/wp\/v2\/tags?post=315630"}],"curies":[{"name":"wp","href":"https:\/\/api.w.org\/{rel}","templated":true}]}}