{"id":315514,"date":"2019-08-13T14:01:21","date_gmt":"2019-08-13T12:01:21","guid":{"rendered":"https:\/\/hashtag.al\/?p=315514"},"modified":"2019-08-13T14:01:21","modified_gmt":"2019-08-13T12:01:21","slug":"valdrin-pjetri-reagon-ndaj-pd-e-verteta-do-dale-nga-zyrat-e-organeve-te-ligjit-dhe-jo-nga-foltoret-e-partive","status":"publish","type":"post","link":"https:\/\/www.hashtag.al\/index.php\/2019\/08\/13\/valdrin-pjetri-reagon-ndaj-pd-e-verteta-do-dale-nga-zyrat-e-organeve-te-ligjit-dhe-jo-nga-foltoret-e-partive\/","title":{"rendered":"Valdrin Pjetri reagon ndaj PD: E v\u00ebrteta do dal\u00eb nga zyrat e organeve t\u00eb ligjit dhe jo nga foltoret e partive","gt_translate_keys":[{"key":"rendered","format":"text"}]},"content":{"rendered":"<p><img loading=\"lazy\" decoding=\"async\" class=\"aligncenter size-full wp-image-296500\" src=\"https:\/\/hashtag.al\/wp-content\/uploads\/2019\/05\/Valdrin-Pjetri-e1529312113657.jpeg\" alt=\"\" width=\"592\" height=\"374\" srcset=\"https:\/\/www.hashtag.al\/wp-content\/uploads\/2019\/05\/Valdrin-Pjetri-e1529312113657.jpeg 592w, https:\/\/www.hashtag.al\/wp-content\/uploads\/2019\/05\/Valdrin-Pjetri-e1529312113657-300x190.jpeg 300w\" sizes=\"auto, (max-width: 592px) 100vw, 592px\" \/><\/p>\n<p>Pas publikimit t\u00eb dokumenteve nga PD-ja p\u00ebr d\u00ebnimin n\u00eb Itali ka reaguar Valdrin Pjetri i cili deklaron se e v\u00ebrteta \u00ebsht\u00eb ajo q\u00eb do dal\u00eb nga zyrat e agjencive ligjzbatuese.<\/p>\n<p>Me tej Pjetri sqaron se do pres\u00eb p\u00ebrfundmin e procesit t\u00eb verifikimit t\u00eb figur\u00ebs nga autoritetet zyrtare dhe jo nga foltoret e PD-s\u00eb<\/p>\n<p>\u201c<em>Un\u00eb t\u00eb v\u00ebrtet\u00ebn time e deklarova para kandidimit si dhe para pak dit\u00ebsh me dokumente zyrtare.<br \/>\nE vetmja e v\u00ebrtet\u00eb \u00ebsht\u00eb ajo q\u00eb del nga zyrat e agjencive t\u00eb zbatimit t\u00eb ligjit dhe jo nga foltoret e PD.<br \/>\nPres me padurim vendimin e p\u00ebrfundimit t\u00eb procesit t\u00eb verifikimit t\u00eb figur\u00ebs nga ana e autoriteteve zyrtare shqiptare dhe italiane<\/em>\u201d-deklaron Pjetri.<\/p>\n","protected":false,"gt_translate_keys":[{"key":"rendered","format":"html"}]},"excerpt":{"rendered":"<p>Pas publikimit t\u00eb dokumenteve nga PD-ja p\u00ebr d\u00ebnimin n\u00eb Itali ka reaguar Valdrin Pjetri i cili deklaron se e v\u00ebrteta \u00ebsht\u00eb ajo q\u00eb do dal\u00eb nga zyrat e agjencive ligjzbatuese. Me tej Pjetri sqaron se do pres\u00eb p\u00ebrfundmin e procesit t\u00eb verifikimit t\u00eb figur\u00ebs nga autoritetet zyrtare dhe jo nga foltoret e PD-s\u00eb \u201cUn\u00eb t\u00eb [&hellip;]<\/p>\n","protected":false,"gt_translate_keys":[{"key":"rendered","format":"html"}]},"author":32,"featured_media":314990,"comment_status":"open","ping_status":"open","sticky":false,"template":"","format":"standard","meta":{"footnotes":""},"categories":[65,13],"tags":[],"class_list":["post-315514","post","type-post","status-publish","format-standard","has-post-thumbnail","hentry","category-lajme","category-te-fundit"],"gt_translate_keys":[{"key":"link","format":"url"}],"_links":{"self":[{"href":"https:\/\/www.hashtag.al\/index.php\/wp-json\/wp\/v2\/posts\/315514","targetHints":{"allow":["GET"]}}],"collection":[{"href":"https:\/\/www.hashtag.al\/index.php\/wp-json\/wp\/v2\/posts"}],"about":[{"href":"https:\/\/www.hashtag.al\/index.php\/wp-json\/wp\/v2\/types\/post"}],"author":[{"embeddable":true,"href":"https:\/\/www.hashtag.al\/index.php\/wp-json\/wp\/v2\/users\/32"}],"replies":[{"embeddable":true,"href":"https:\/\/www.hashtag.al\/index.php\/wp-json\/wp\/v2\/comments?post=315514"}],"version-history":[{"count":0,"href":"https:\/\/www.hashtag.al\/index.php\/wp-json\/wp\/v2\/posts\/315514\/revisions"}],"wp:featuredmedia":[{"embeddable":true,"href":"https:\/\/www.hashtag.al\/index.php\/wp-json\/wp\/v2\/media\/314990"}],"wp:attachment":[{"href":"https:\/\/www.hashtag.al\/index.php\/wp-json\/wp\/v2\/media?parent=315514"}],"wp:term":[{"taxonomy":"category","embeddable":true,"href":"https:\/\/www.hashtag.al\/index.php\/wp-json\/wp\/v2\/categories?post=315514"},{"taxonomy":"post_tag","embeddable":true,"href":"https:\/\/www.hashtag.al\/index.php\/wp-json\/wp\/v2\/tags?post=315514"}],"curies":[{"name":"wp","href":"https:\/\/api.w.org\/{rel}","templated":true}]}}