{"id":315457,"date":"2019-08-13T10:55:57","date_gmt":"2019-08-13T08:55:57","guid":{"rendered":"https:\/\/hashtag.al\/?p=315457"},"modified":"2019-08-13T10:57:03","modified_gmt":"2019-08-13T08:57:03","slug":"sulm-me-thike-ne-australi-kalimtaret-e-ndalojne-agresorin-me-karrige-dhe-arka-qumeshti-video","status":"publish","type":"post","link":"https:\/\/www.hashtag.al\/index.php\/2019\/08\/13\/sulm-me-thike-ne-australi-kalimtaret-e-ndalojne-agresorin-me-karrige-dhe-arka-qumeshti-video\/","title":{"rendered":"Sulm me thik\u00eb n\u00eb Australi, kalimtar\u00ebt e ndalojn\u00eb agresorin me karrige dhe arka qum\u00ebshti (VIDEO)","gt_translate_keys":[{"key":"rendered","format":"text"}]},"content":{"rendered":"<p><img loading=\"lazy\" decoding=\"async\" class=\"aligncenter size-full wp-image-315458\" src=\"https:\/\/hashtag.al\/wp-content\/uploads\/2019\/08\/sulmuesi.jpg\" alt=\"\" width=\"600\" height=\"336\" srcset=\"https:\/\/www.hashtag.al\/wp-content\/uploads\/2019\/08\/sulmuesi.jpg 600w, https:\/\/www.hashtag.al\/wp-content\/uploads\/2019\/08\/sulmuesi-300x168.jpg 300w\" sizes=\"auto, (max-width: 600px) 100vw, 600px\" \/><\/p>\n<p><span style=\"color: #000000; font-family: Calibri;\">Nj\u00eb burr\u00eb i armatosur \u00ebsht\u00eb arrestuar n\u00eb qend\u00ebr t\u00eb Sidnejt, pasi ka therur me thik\u00eb nj\u00eb grua edhe m\u00eb pas \u00ebsht\u00eb ndaluar n\u00eb rrug\u00eb nga k\u00ebmb\u00ebsor\u00ebt.<\/span><\/p>\n<p><span style=\"color: #000000; font-family: Calibri;\">Sulmuesi \u00ebsht\u00eb identifikuar nga policia si Mert Nay nga Blacktown, i cili thuhet se sapo kishte dal\u00eb nga nj\u00eb institucion korrektues mendor.<\/span><\/p>\n<p><span style=\"color: #000000; font-family: Calibri;\">Edhe pse d\u00ebshmitar\u00ebt thon\u00eb se e kan\u00eb d\u00ebgjuar t\u00eb b\u00ebrtas\u00eb \u2018Allahu Akbar \u2019, hetuesit sipas <\/span><span style=\"color: #0000ff;\"><span style=\"font-family: Calibri;\"><a style=\"color: #0000ff;\" href=\"https:\/\/www.theguardian.com\/australia-news\/live\/2019\/aug\/13\/sydney-operation-king-clarence-streets-live\">&#8220;The Guardian&#8221;<\/a><\/span> <\/span><span style=\"color: #000000; font-family: Calibri;\">nuk besojn\u00eb se ai ka lidhje me terrorizmin.<\/span><\/p>\n<p><span style=\"color: #000000; font-family: Calibri;\">Pamjet e publikuara online, shfaqin burrin, t\u00eb veshur nj\u00eb bluz\u00eb, me kapu\u00e7 gri dhe duke mbajtur nj\u00eb thik\u00eb t\u00eb madhe n\u00eb dor\u00eb dhe duke u hedhur n\u00eb nj\u00eb Mercedes teksa b\u00ebrtiste<em> \u2018\u2019m\u00eb q\u00ebllo n\u00eb kok\u00eb \u2019\u2019.<\/em><\/span><\/p>\n<p><img loading=\"lazy\" decoding=\"async\" class=\"aligncenter size-full wp-image-315459\" src=\"https:\/\/hashtag.al\/wp-content\/uploads\/2019\/08\/burri-1.jpg\" alt=\"\" width=\"1280\" height=\"720\" srcset=\"https:\/\/www.hashtag.al\/wp-content\/uploads\/2019\/08\/burri-1.jpg 1280w, https:\/\/www.hashtag.al\/wp-content\/uploads\/2019\/08\/burri-1-300x169.jpg 300w, https:\/\/www.hashtag.al\/wp-content\/uploads\/2019\/08\/burri-1-768x432.jpg 768w, https:\/\/www.hashtag.al\/wp-content\/uploads\/2019\/08\/burri-1-1024x576.jpg 1024w\" sizes=\"auto, (max-width: 1280px) 100vw, 1280px\" \/><\/p>\n<p><span style=\"color: #000000; font-family: Calibri;\">N\u00eb nj\u00eb tjet\u00ebr moment, kalimtar\u00ebt p\u00ebrdorin karrige dhe nj\u00eb ark\u00eb qum\u00ebshti p\u00ebr ta rr\u00ebzuar.<\/span><\/p>\n<p><span style=\"color: #000000; font-family: Calibri;\">Pasi arrit\u00ebn sh\u00ebrbimet e urgjenc\u00ebs n\u00eb vendngjarje, ata gjet\u00ebn nj\u00eb grua brenda nj\u00eb hoteli q\u00eb ndodhej aty af\u00ebr, e cila ishte q\u00eblluar me thik\u00eb. Ajo u d\u00ebrgua n\u00eb spital n\u00eb nj\u00eb gjendje t\u00eb q\u00ebndrueshme.<\/span><\/p>\n<blockquote class=\"twitter-tweet\" data-lang=\"en\">\n<p dir=\"ltr\" lang=\"en\">Just witnessed incredible bravery from members of the public and \u2066<a href=\"https:\/\/twitter.com\/FRNSW?ref_src=twsrc%5Etfw\">@FRNSW<\/a>\u2069 officers chasing down a man on a stabbing rampage in Sydney\u2019s CBD. He is now under arrest. \u2066<a href=\"https:\/\/twitter.com\/7NewsSydney?ref_src=twsrc%5Etfw\">@7NewsSydney<\/a>\u2069 <a href=\"https:\/\/t.co\/wNKatejHVp\">pic.twitter.com\/wNKatejHVp<\/a><\/p>\n<p>\u2014 Andrew Denney (@Andrew_Denney) <a href=\"https:\/\/twitter.com\/Andrew_Denney\/status\/1161134805993439233?ref_src=twsrc%5Etfw\">August 13, 2019<\/a><\/p><\/blockquote>\n<p><script async src=\"https:\/\/platform.twitter.com\/widgets.js\" charset=\"utf-8\"><\/script><\/p>\n","protected":false,"gt_translate_keys":[{"key":"rendered","format":"html"}]},"excerpt":{"rendered":"<p>Nj\u00eb burr\u00eb i armatosur \u00ebsht\u00eb arrestuar n\u00eb qend\u00ebr t\u00eb Sidnejt, pasi ka therur me thik\u00eb nj\u00eb grua edhe m\u00eb pas \u00ebsht\u00eb ndaluar n\u00eb rrug\u00eb nga k\u00ebmb\u00ebsor\u00ebt. Sulmuesi \u00ebsht\u00eb identifikuar nga policia si Mert Nay nga Blacktown, i cili thuhet se sapo kishte dal\u00eb nga nj\u00eb institucion korrektues mendor. Edhe pse d\u00ebshmitar\u00ebt thon\u00eb se e kan\u00eb [&hellip;]<\/p>\n","protected":false,"gt_translate_keys":[{"key":"rendered","format":"html"}]},"author":30,"featured_media":315459,"comment_status":"open","ping_status":"open","sticky":false,"template":"","format":"standard","meta":{"footnotes":""},"categories":[6],"tags":[],"class_list":["post-315457","post","type-post","status-publish","format-standard","has-post-thumbnail","hentry","category-nderkombetare"],"gt_translate_keys":[{"key":"link","format":"url"}],"_links":{"self":[{"href":"https:\/\/www.hashtag.al\/index.php\/wp-json\/wp\/v2\/posts\/315457","targetHints":{"allow":["GET"]}}],"collection":[{"href":"https:\/\/www.hashtag.al\/index.php\/wp-json\/wp\/v2\/posts"}],"about":[{"href":"https:\/\/www.hashtag.al\/index.php\/wp-json\/wp\/v2\/types\/post"}],"author":[{"embeddable":true,"href":"https:\/\/www.hashtag.al\/index.php\/wp-json\/wp\/v2\/users\/30"}],"replies":[{"embeddable":true,"href":"https:\/\/www.hashtag.al\/index.php\/wp-json\/wp\/v2\/comments?post=315457"}],"version-history":[{"count":0,"href":"https:\/\/www.hashtag.al\/index.php\/wp-json\/wp\/v2\/posts\/315457\/revisions"}],"wp:featuredmedia":[{"embeddable":true,"href":"https:\/\/www.hashtag.al\/index.php\/wp-json\/wp\/v2\/media\/315459"}],"wp:attachment":[{"href":"https:\/\/www.hashtag.al\/index.php\/wp-json\/wp\/v2\/media?parent=315457"}],"wp:term":[{"taxonomy":"category","embeddable":true,"href":"https:\/\/www.hashtag.al\/index.php\/wp-json\/wp\/v2\/categories?post=315457"},{"taxonomy":"post_tag","embeddable":true,"href":"https:\/\/www.hashtag.al\/index.php\/wp-json\/wp\/v2\/tags?post=315457"}],"curies":[{"name":"wp","href":"https:\/\/api.w.org\/{rel}","templated":true}]}}