{"id":315336,"date":"2019-08-12T17:50:56","date_gmt":"2019-08-12T15:50:56","guid":{"rendered":"https:\/\/hashtag.al\/?p=315336"},"modified":"2019-08-12T18:06:00","modified_gmt":"2019-08-12T16:06:00","slug":"termeti-lekund-fushe-arrezin","status":"publish","type":"post","link":"https:\/\/www.hashtag.al\/index.php\/2019\/08\/12\/termeti-lekund-fushe-arrezin\/","title":{"rendered":"T\u00ebrmeti l\u00ebkund Fush\u00eb Arr\u00ebzin","gt_translate_keys":[{"key":"rendered","format":"text"}]},"content":{"rendered":"<p><img loading=\"lazy\" decoding=\"async\" class=\"aligncenter size-full wp-image-249800\" src=\"https:\/\/hashtag.al\/wp-content\/uploads\/2018\/11\/termeti2.jpg\" alt=\"\" width=\"900\" height=\"544\" srcset=\"https:\/\/www.hashtag.al\/wp-content\/uploads\/2018\/11\/termeti2.jpg 900w, https:\/\/www.hashtag.al\/wp-content\/uploads\/2018\/11\/termeti2-300x181.jpg 300w, https:\/\/www.hashtag.al\/wp-content\/uploads\/2018\/11\/termeti2-768x464.jpg 768w\" sizes=\"auto, (max-width: 900px) 100vw, 900px\" \/><\/p>\n<p>L\u00ebkundje t\u00ebrmeti jan\u00eb ndjer\u00eb n\u00eb Fush\u00eb Arr\u00ebz.<\/p>\n<p>T\u00ebrmeti ka qen\u00eb me magnitud\u00eb 4.4 i shkall\u00ebs Rihter nd\u00ebrsa thell\u00ebsia e t\u00ebrmetit ka qen\u00eb 10 km.<\/p>\n<p>T\u00ebrmeti nuk ka shkaktuar d\u00ebm\u00eb n\u00eb njer\u00ebz apo banesa.<\/p>\n<p>Jav\u00ebt e fundit n\u00eb vendin ton\u00eb jan\u00eb ndjer\u00eb nj\u00eb seri t\u00ebrmetesh ku n\u00eb zon\u00ebn e Kor\u00e7\u00ebs t\u00ebrmeti i qershorit shkaktoi d\u00ebme materiale n\u00eb disa fshatra.<\/p>\n","protected":false,"gt_translate_keys":[{"key":"rendered","format":"html"}]},"excerpt":{"rendered":"<p>L\u00ebkundje t\u00ebrmeti jan\u00eb ndjer\u00eb n\u00eb Fush\u00eb Arr\u00ebz. T\u00ebrmeti ka qen\u00eb me magnitud\u00eb 4.4 i shkall\u00ebs Rihter nd\u00ebrsa thell\u00ebsia e t\u00ebrmetit ka qen\u00eb 10 km. T\u00ebrmeti nuk ka shkaktuar d\u00ebm\u00eb n\u00eb njer\u00ebz apo banesa. Jav\u00ebt e fundit n\u00eb vendin ton\u00eb jan\u00eb ndjer\u00eb nj\u00eb seri t\u00ebrmetesh ku n\u00eb zon\u00ebn e Kor\u00e7\u00ebs t\u00ebrmeti i qershorit shkaktoi d\u00ebme materiale [&hellip;]<\/p>\n","protected":false,"gt_translate_keys":[{"key":"rendered","format":"html"}]},"author":32,"featured_media":249799,"comment_status":"open","ping_status":"open","sticky":false,"template":"","format":"standard","meta":{"footnotes":""},"categories":[65,13],"tags":[],"class_list":["post-315336","post","type-post","status-publish","format-standard","has-post-thumbnail","hentry","category-lajme","category-te-fundit"],"gt_translate_keys":[{"key":"link","format":"url"}],"_links":{"self":[{"href":"https:\/\/www.hashtag.al\/index.php\/wp-json\/wp\/v2\/posts\/315336","targetHints":{"allow":["GET"]}}],"collection":[{"href":"https:\/\/www.hashtag.al\/index.php\/wp-json\/wp\/v2\/posts"}],"about":[{"href":"https:\/\/www.hashtag.al\/index.php\/wp-json\/wp\/v2\/types\/post"}],"author":[{"embeddable":true,"href":"https:\/\/www.hashtag.al\/index.php\/wp-json\/wp\/v2\/users\/32"}],"replies":[{"embeddable":true,"href":"https:\/\/www.hashtag.al\/index.php\/wp-json\/wp\/v2\/comments?post=315336"}],"version-history":[{"count":0,"href":"https:\/\/www.hashtag.al\/index.php\/wp-json\/wp\/v2\/posts\/315336\/revisions"}],"wp:featuredmedia":[{"embeddable":true,"href":"https:\/\/www.hashtag.al\/index.php\/wp-json\/wp\/v2\/media\/249799"}],"wp:attachment":[{"href":"https:\/\/www.hashtag.al\/index.php\/wp-json\/wp\/v2\/media?parent=315336"}],"wp:term":[{"taxonomy":"category","embeddable":true,"href":"https:\/\/www.hashtag.al\/index.php\/wp-json\/wp\/v2\/categories?post=315336"},{"taxonomy":"post_tag","embeddable":true,"href":"https:\/\/www.hashtag.al\/index.php\/wp-json\/wp\/v2\/tags?post=315336"}],"curies":[{"name":"wp","href":"https:\/\/api.w.org\/{rel}","templated":true}]}}