{"id":315334,"date":"2019-08-12T17:25:53","date_gmt":"2019-08-12T15:25:53","guid":{"rendered":"https:\/\/hashtag.al\/?p=315334"},"modified":"2019-08-12T17:25:53","modified_gmt":"2019-08-12T15:25:53","slug":"lideret-politike-ne-itali-kerkojne-bllokimin-e-idese-se-salvinit-per-zgjedhje-te-parakohshme","status":"publish","type":"post","link":"https:\/\/www.hashtag.al\/index.php\/2019\/08\/12\/lideret-politike-ne-itali-kerkojne-bllokimin-e-idese-se-salvinit-per-zgjedhje-te-parakohshme\/","title":{"rendered":"Lider\u00ebt politik\u00eb n\u00eb Itali k\u00ebrkojn\u00eb bllokimin e ides\u00eb s\u00eb Salvinit p\u00ebr zgjedhje t\u00eb parakohshme","gt_translate_keys":[{"key":"rendered","format":"text"}]},"content":{"rendered":"<p><img loading=\"lazy\" decoding=\"async\" class=\"aligncenter size-full wp-image-314718\" src=\"https:\/\/hashtag.al\/wp-content\/uploads\/2019\/08\/Salvini-1.jpg\" alt=\"\" width=\"1024\" height=\"682\" srcset=\"https:\/\/www.hashtag.al\/wp-content\/uploads\/2019\/08\/Salvini-1.jpg 1024w, https:\/\/www.hashtag.al\/wp-content\/uploads\/2019\/08\/Salvini-1-300x200.jpg 300w, https:\/\/www.hashtag.al\/wp-content\/uploads\/2019\/08\/Salvini-1-768x512.jpg 768w\" sizes=\"auto, (max-width: 1024px) 100vw, 1024px\" \/><\/p>\n<p>Udh\u00ebheq\u00ebsit e grupeve politike n\u00eb Itali do t\u00eb vendosin t\u00eb h\u00ebn\u00ebn p\u00ebr dat\u00ebn e mbajtjes s\u00eb nj\u00eb vote mosbesimi ndaj qeveris\u00eb, pasi, Matteo Salvini, ka b\u00ebr\u00eb t\u00eb ditur se d\u00ebshiron zgjedhje t\u00eb reja.<\/p>\n<p>Ish-kryeministri, Matteo Renzi, ka b\u00ebr\u00eb thirrje p\u00ebr nj\u00eb qeveri t\u00eb p\u00ebrkohshme.<\/p>\n<p>Ai \u00ebsht\u00eb kthyer n\u00eb sken\u00ebn politike, duke k\u00ebrkuar q\u00eb t\u00eb ndalet thirrja e \u201c\u00e7mendur\u201d e Salvinit p\u00ebr zgjedhje t\u00eb reja.<\/p>\n<p>Vendimi final p\u00ebr hapat e ardhsh\u00ebm varet nga presidenti i shtetit.<\/p>\n<p>Partia Lega Nord e Salvinit, Liga \u00ebsht\u00eb n\u00eb qeveri bashk\u00eb me partin\u00eb L\u00ebvizja Pes\u00eb Yjet, n\u00eb 14 muajt e fundit, mir\u00ebpo marr\u00ebdh\u00ebniet n\u00eb mes t\u00eb partive jan\u00eb tensionuar koh\u00ebn e fundit.<\/p>\n<p>P\u00ebrplasjet politike kan\u00eb nisur p\u00ebr nj\u00eb projekt t\u00eb nj\u00eb autostrade q\u00eb do t\u00eb lidhte qytetin italian, Torino dhe at\u00eb francez, Lion.<\/p>\n<p>Kjo lidhje q\u00eb do t\u00eb kushtonte disa miliarda euro, p\u00ebrfshin edhe hapjen e nj\u00eb tuneli 56 kilometra n\u00ebn Alpe.<\/p>\n<p>Mb\u00ebshtet\u00ebsit e planit kan\u00eb th\u00ebn\u00eb se kjo rrug\u00eb do t\u00eb shkurtonte n\u00eb dy or\u00eb udh\u00ebtimin mes dy qyteteve.<\/p>\n<p>Ky tunel, po ashtu, do t\u00eb mund\u00ebsonte udh\u00ebtimin nga Parisi n\u00eb Milano p\u00ebr kat\u00ebr or\u00eb, p\u00ebr dallim nga rreth shtat\u00eb sa \u00ebsht\u00eb tani.<\/p>\n","protected":false,"gt_translate_keys":[{"key":"rendered","format":"html"}]},"excerpt":{"rendered":"<p>Udh\u00ebheq\u00ebsit e grupeve politike n\u00eb Itali do t\u00eb vendosin t\u00eb h\u00ebn\u00ebn p\u00ebr dat\u00ebn e mbajtjes s\u00eb nj\u00eb vote mosbesimi ndaj qeveris\u00eb, pasi, Matteo Salvini, ka b\u00ebr\u00eb t\u00eb ditur se d\u00ebshiron zgjedhje t\u00eb reja. Ish-kryeministri, Matteo Renzi, ka b\u00ebr\u00eb thirrje p\u00ebr nj\u00eb qeveri t\u00eb p\u00ebrkohshme. Ai \u00ebsht\u00eb kthyer n\u00eb sken\u00ebn politike, duke k\u00ebrkuar q\u00eb t\u00eb ndalet [&hellip;]<\/p>\n","protected":false,"gt_translate_keys":[{"key":"rendered","format":"html"}]},"author":32,"featured_media":314718,"comment_status":"open","ping_status":"open","sticky":false,"template":"","format":"standard","meta":{"footnotes":""},"categories":[149,13],"tags":[],"class_list":["post-315334","post","type-post","status-publish","format-standard","has-post-thumbnail","hentry","category-kosoverajon","category-te-fundit"],"gt_translate_keys":[{"key":"link","format":"url"}],"_links":{"self":[{"href":"https:\/\/www.hashtag.al\/index.php\/wp-json\/wp\/v2\/posts\/315334","targetHints":{"allow":["GET"]}}],"collection":[{"href":"https:\/\/www.hashtag.al\/index.php\/wp-json\/wp\/v2\/posts"}],"about":[{"href":"https:\/\/www.hashtag.al\/index.php\/wp-json\/wp\/v2\/types\/post"}],"author":[{"embeddable":true,"href":"https:\/\/www.hashtag.al\/index.php\/wp-json\/wp\/v2\/users\/32"}],"replies":[{"embeddable":true,"href":"https:\/\/www.hashtag.al\/index.php\/wp-json\/wp\/v2\/comments?post=315334"}],"version-history":[{"count":0,"href":"https:\/\/www.hashtag.al\/index.php\/wp-json\/wp\/v2\/posts\/315334\/revisions"}],"wp:featuredmedia":[{"embeddable":true,"href":"https:\/\/www.hashtag.al\/index.php\/wp-json\/wp\/v2\/media\/314718"}],"wp:attachment":[{"href":"https:\/\/www.hashtag.al\/index.php\/wp-json\/wp\/v2\/media?parent=315334"}],"wp:term":[{"taxonomy":"category","embeddable":true,"href":"https:\/\/www.hashtag.al\/index.php\/wp-json\/wp\/v2\/categories?post=315334"},{"taxonomy":"post_tag","embeddable":true,"href":"https:\/\/www.hashtag.al\/index.php\/wp-json\/wp\/v2\/tags?post=315334"}],"curies":[{"name":"wp","href":"https:\/\/api.w.org\/{rel}","templated":true}]}}