{"id":315318,"date":"2019-08-12T15:14:59","date_gmt":"2019-08-12T13:14:59","guid":{"rendered":"https:\/\/hashtag.al\/?p=315318"},"modified":"2019-08-12T15:14:59","modified_gmt":"2019-08-12T13:14:59","slug":"perisic-kryen-testet-mjekesore-te-bayern-munich","status":"publish","type":"post","link":"https:\/\/www.hashtag.al\/index.php\/2019\/08\/12\/perisic-kryen-testet-mjekesore-te-bayern-munich\/","title":{"rendered":"Perisic kryen testet mjek\u00ebsore te Bayern Munich","gt_translate_keys":[{"key":"rendered","format":"text"}]},"content":{"rendered":"<p><img loading=\"lazy\" decoding=\"async\" class=\"aligncenter size-full wp-image-142497\" src=\"https:\/\/hashtag.al\/wp-content\/uploads\/2017\/07\/perisic.jpg\" alt=\"\" width=\"748\" height=\"497\" \/><\/p>\n<p>Perisic tashm\u00eb mund t\u00eb konsiderohet lojtar i Bayern Munich<\/p>\n<p>An\u00ebsori i Interit, Ivan Perisic, ka premtuar se do t\u00eb jap\u00eb m\u00eb t\u00eb mir\u00ebn pasi ka kryer testet mjek\u00ebsore te Bayern Munich.<\/p>\n<p>Perisic \u00ebsht\u00eb n\u00eb Munich p\u00ebr t\u00eb kompletuar transferimin nga Inter dhe kreu testet t\u00eb h\u00ebn\u00ebn n\u00eb m\u00ebngjes.<\/p>\n<p>\u201cVet\u00ebm sa kreva testet mjek\u00ebsore. Do t\u00eb jap m\u00eb t\u00eb mir\u00ebn!\u201d, tha 30-vje\u00e7ari p\u00ebr Bild.<\/p>\n<p>Raportohet se kampioni i Bundesliga do ta transferoj\u00eb lojtarin n\u00eb form\u00eb huazimi 5 milion\u00eb euro me opsionin e blerjes ver\u00ebn e ardhshme 20 milion\u00eb.<\/p>\n<p>Bayern \u00ebsht\u00eb duke menduar q\u00eb t\u00eb forcoj\u00eb repartin e sulmit pas largimeve t\u00eb legjendave, Franck Ribery e Arjen Robben.<\/p>\n<p>Bayern do t\u00eb jet\u00eb klubi i tret\u00eb gjerman n\u00eb t\u00eb cilin luan Perisic, pas Borussia Dortmund dhe Wolfsburg.<\/p>\n","protected":false,"gt_translate_keys":[{"key":"rendered","format":"html"}]},"excerpt":{"rendered":"<p>Perisic tashm\u00eb mund t\u00eb konsiderohet lojtar i Bayern Munich An\u00ebsori i Interit, Ivan Perisic, ka premtuar se do t\u00eb jap\u00eb m\u00eb t\u00eb mir\u00ebn pasi ka kryer testet mjek\u00ebsore te Bayern Munich. Perisic \u00ebsht\u00eb n\u00eb Munich p\u00ebr t\u00eb kompletuar transferimin nga Inter dhe kreu testet t\u00eb h\u00ebn\u00ebn n\u00eb m\u00ebngjes. \u201cVet\u00ebm sa kreva testet mjek\u00ebsore. Do t\u00eb [&hellip;]<\/p>\n","protected":false,"gt_translate_keys":[{"key":"rendered","format":"html"}]},"author":32,"featured_media":142497,"comment_status":"open","ping_status":"open","sticky":false,"template":"","format":"standard","meta":{"footnotes":""},"categories":[134,13],"tags":[],"class_list":["post-315318","post","type-post","status-publish","format-standard","has-post-thumbnail","hentry","category-sport","category-te-fundit"],"gt_translate_keys":[{"key":"link","format":"url"}],"_links":{"self":[{"href":"https:\/\/www.hashtag.al\/index.php\/wp-json\/wp\/v2\/posts\/315318","targetHints":{"allow":["GET"]}}],"collection":[{"href":"https:\/\/www.hashtag.al\/index.php\/wp-json\/wp\/v2\/posts"}],"about":[{"href":"https:\/\/www.hashtag.al\/index.php\/wp-json\/wp\/v2\/types\/post"}],"author":[{"embeddable":true,"href":"https:\/\/www.hashtag.al\/index.php\/wp-json\/wp\/v2\/users\/32"}],"replies":[{"embeddable":true,"href":"https:\/\/www.hashtag.al\/index.php\/wp-json\/wp\/v2\/comments?post=315318"}],"version-history":[{"count":0,"href":"https:\/\/www.hashtag.al\/index.php\/wp-json\/wp\/v2\/posts\/315318\/revisions"}],"wp:featuredmedia":[{"embeddable":true,"href":"https:\/\/www.hashtag.al\/index.php\/wp-json\/"}],"wp:attachment":[{"href":"https:\/\/www.hashtag.al\/index.php\/wp-json\/wp\/v2\/media?parent=315318"}],"wp:term":[{"taxonomy":"category","embeddable":true,"href":"https:\/\/www.hashtag.al\/index.php\/wp-json\/wp\/v2\/categories?post=315318"},{"taxonomy":"post_tag","embeddable":true,"href":"https:\/\/www.hashtag.al\/index.php\/wp-json\/wp\/v2\/tags?post=315318"}],"curies":[{"name":"wp","href":"https:\/\/api.w.org\/{rel}","templated":true}]}}