{"id":315160,"date":"2019-08-11T20:45:44","date_gmt":"2019-08-11T18:45:44","guid":{"rendered":"https:\/\/hashtag.al\/?p=315160"},"modified":"2019-08-11T20:45:44","modified_gmt":"2019-08-11T18:45:44","slug":"kurban-bajrami-sjell-paqe-ne-libi-tre-dite-armepushim","status":"publish","type":"post","link":"https:\/\/www.hashtag.al\/index.php\/2019\/08\/11\/kurban-bajrami-sjell-paqe-ne-libi-tre-dite-armepushim\/","title":{"rendered":"Kurban Bajrami sjell paqe n\u00eb Libi, tre dit\u00eb arm\u00ebpushim","gt_translate_keys":[{"key":"rendered","format":"text"}]},"content":{"rendered":"<p><span style=\"color: #000000;\"><img loading=\"lazy\" decoding=\"async\" class=\"aligncenter size-full wp-image-315161\" src=\"https:\/\/hashtag.al\/wp-content\/uploads\/2019\/08\/Libia1-675x450.jpg\" alt=\"\" width=\"675\" height=\"450\" srcset=\"https:\/\/www.hashtag.al\/wp-content\/uploads\/2019\/08\/Libia1-675x450.jpg 675w, https:\/\/www.hashtag.al\/wp-content\/uploads\/2019\/08\/Libia1-675x450-300x200.jpg 300w\" sizes=\"auto, (max-width: 675px) 100vw, 675px\" \/><\/span><\/p>\n<p><span style=\"color: #000000;\">N\u00eb Libi, p\u00ebr shkak t\u00eb fest\u00ebs s\u00eb Kurban Bajramit, \u00ebsht\u00eb vendosur q\u00eb t\u00eb b\u00ebhet arm\u00ebpushim p\u00ebr tri dit\u00eb.<\/span><\/p>\n<p><span style=\"color: #000000;\">Arm\u00ebpushimi p\u00ebrfshin Qeverin\u00eb e Marr\u00ebveshjes Komb\u00ebtare dhe gjeneralin, Khalifa Haftar.<\/span><\/p>\n<p><span style=\"color: #000000;\">Forcat e Haftar kan\u00eb sulmuar me arm\u00eb Tripolin q\u00eb nga muaji prill. Ahmad al-Mesmari, z\u00ebdh\u00ebn\u00ebsi i gjeneralit Haftar, tha se kan\u00eb r\u00ebn\u00eb dakord me arm\u00ebpushimin, me q\u00ebllim q\u00eb banor\u00ebt t\u00eb festojn\u00eb k\u00ebt\u00eb fest\u00eb kaq t\u00eb r\u00ebnd\u00ebsishme p\u00ebr mysliman\u00ebt, shkruan Reuters.<\/span><\/p>\n<p><span style=\"color: #000000;\">Organizata e Kombeve t\u00eb Bashkuara ka th\u00ebn\u00eb se q\u00eb nga prilli, koh\u00eb kur forcat e Haftar sulmuan Tripolin, kan\u00eb vdekur m\u00eb shum\u00eb se 1000 njer\u00ebz.<\/span><\/p>\n","protected":false,"gt_translate_keys":[{"key":"rendered","format":"html"}]},"excerpt":{"rendered":"<p>N\u00eb Libi, p\u00ebr shkak t\u00eb fest\u00ebs s\u00eb Kurban Bajramit, \u00ebsht\u00eb vendosur q\u00eb t\u00eb b\u00ebhet arm\u00ebpushim p\u00ebr tri dit\u00eb. Arm\u00ebpushimi p\u00ebrfshin Qeverin\u00eb e Marr\u00ebveshjes Komb\u00ebtare dhe gjeneralin, Khalifa Haftar. Forcat e Haftar kan\u00eb sulmuar me arm\u00eb Tripolin q\u00eb nga muaji prill. Ahmad al-Mesmari, z\u00ebdh\u00ebn\u00ebsi i gjeneralit Haftar, tha se kan\u00eb r\u00ebn\u00eb dakord me arm\u00ebpushimin, me q\u00ebllim [&hellip;]<\/p>\n","protected":false,"gt_translate_keys":[{"key":"rendered","format":"html"}]},"author":32,"featured_media":315161,"comment_status":"open","ping_status":"open","sticky":false,"template":"","format":"standard","meta":{"footnotes":""},"categories":[6,13],"tags":[],"class_list":["post-315160","post","type-post","status-publish","format-standard","has-post-thumbnail","hentry","category-nderkombetare","category-te-fundit"],"gt_translate_keys":[{"key":"link","format":"url"}],"_links":{"self":[{"href":"https:\/\/www.hashtag.al\/index.php\/wp-json\/wp\/v2\/posts\/315160","targetHints":{"allow":["GET"]}}],"collection":[{"href":"https:\/\/www.hashtag.al\/index.php\/wp-json\/wp\/v2\/posts"}],"about":[{"href":"https:\/\/www.hashtag.al\/index.php\/wp-json\/wp\/v2\/types\/post"}],"author":[{"embeddable":true,"href":"https:\/\/www.hashtag.al\/index.php\/wp-json\/wp\/v2\/users\/32"}],"replies":[{"embeddable":true,"href":"https:\/\/www.hashtag.al\/index.php\/wp-json\/wp\/v2\/comments?post=315160"}],"version-history":[{"count":0,"href":"https:\/\/www.hashtag.al\/index.php\/wp-json\/wp\/v2\/posts\/315160\/revisions"}],"wp:featuredmedia":[{"embeddable":true,"href":"https:\/\/www.hashtag.al\/index.php\/wp-json\/wp\/v2\/media\/315161"}],"wp:attachment":[{"href":"https:\/\/www.hashtag.al\/index.php\/wp-json\/wp\/v2\/media?parent=315160"}],"wp:term":[{"taxonomy":"category","embeddable":true,"href":"https:\/\/www.hashtag.al\/index.php\/wp-json\/wp\/v2\/categories?post=315160"},{"taxonomy":"post_tag","embeddable":true,"href":"https:\/\/www.hashtag.al\/index.php\/wp-json\/wp\/v2\/tags?post=315160"}],"curies":[{"name":"wp","href":"https:\/\/api.w.org\/{rel}","templated":true}]}}