{"id":315144,"date":"2019-08-11T18:17:06","date_gmt":"2019-08-11T16:17:06","guid":{"rendered":"https:\/\/hashtag.al\/?p=315144"},"modified":"2019-08-11T18:17:06","modified_gmt":"2019-08-11T16:17:06","slug":"makina-perplas-kembesoren-ne-aksin-levan-tepelene-humb-jeten-35-vjecarja","status":"publish","type":"post","link":"https:\/\/www.hashtag.al\/index.php\/2019\/08\/11\/makina-perplas-kembesoren-ne-aksin-levan-tepelene-humb-jeten-35-vjecarja\/","title":{"rendered":"Makina p\u00ebrplas k\u00ebmb\u00ebsoren n\u00eb aksin Levan-Tepelen\u00eb, humb jet\u00ebn 35-vje\u00e7arja","gt_translate_keys":[{"key":"rendered","format":"text"}]},"content":{"rendered":"<p><img loading=\"lazy\" decoding=\"async\" class=\"aligncenter size-full wp-image-310440\" src=\"https:\/\/hashtag.al\/wp-content\/uploads\/2019\/07\/auto-auto-aksident-1-115359627131536858413-764x450.jpg\" alt=\"\" width=\"764\" height=\"450\" srcset=\"https:\/\/www.hashtag.al\/wp-content\/uploads\/2019\/07\/auto-auto-aksident-1-115359627131536858413-764x450.jpg 764w, https:\/\/www.hashtag.al\/wp-content\/uploads\/2019\/07\/auto-auto-aksident-1-115359627131536858413-764x450-300x177.jpg 300w\" sizes=\"auto, (max-width: 764px) 100vw, 764px\" \/><\/p>\n<p>Nj\u00eb 35 vje\u00e7are \u00ebsht\u00eb p\u00ebrplasur nga nj\u00eb makin\u00eb, nd\u00ebrsa ishte duke ecur n\u00eb rrug\u00eb, n\u00eb aksin Levan-Tepelen\u00eb, duke humbur edhe jet\u00ebn.<\/p>\n<p>Policia e Fierit njoftoi se sot rreth or\u00ebs 17:10, n\u00eb aksin rrugor Levan-Tepelen\u00eb, n\u00eb af\u00ebrsi t\u00eb fshatit Varibop, automjeti tip \u201cBenz\u201d me drejtues shtetasin E.A, 46 vje\u00e7, banues n\u00eb Tiran\u00eb, ka aksidentuar me pasoj\u00eb vdekje 35-vje\u00e7aren E.K.<\/p>\n<p>&nbsp;<\/p>\n","protected":false,"gt_translate_keys":[{"key":"rendered","format":"html"}]},"excerpt":{"rendered":"<p>Nj\u00eb 35 vje\u00e7are \u00ebsht\u00eb p\u00ebrplasur nga nj\u00eb makin\u00eb, nd\u00ebrsa ishte duke ecur n\u00eb rrug\u00eb, n\u00eb aksin Levan-Tepelen\u00eb, duke humbur edhe jet\u00ebn. Policia e Fierit njoftoi se sot rreth or\u00ebs 17:10, n\u00eb aksin rrugor Levan-Tepelen\u00eb, n\u00eb af\u00ebrsi t\u00eb fshatit Varibop, automjeti tip \u201cBenz\u201d me drejtues shtetasin E.A, 46 vje\u00e7, banues n\u00eb Tiran\u00eb, ka aksidentuar me pasoj\u00eb [&hellip;]<\/p>\n","protected":false,"gt_translate_keys":[{"key":"rendered","format":"html"}]},"author":32,"featured_media":310440,"comment_status":"open","ping_status":"open","sticky":false,"template":"","format":"standard","meta":{"footnotes":""},"categories":[65,13],"tags":[],"class_list":["post-315144","post","type-post","status-publish","format-standard","has-post-thumbnail","hentry","category-lajme","category-te-fundit"],"gt_translate_keys":[{"key":"link","format":"url"}],"_links":{"self":[{"href":"https:\/\/www.hashtag.al\/index.php\/wp-json\/wp\/v2\/posts\/315144","targetHints":{"allow":["GET"]}}],"collection":[{"href":"https:\/\/www.hashtag.al\/index.php\/wp-json\/wp\/v2\/posts"}],"about":[{"href":"https:\/\/www.hashtag.al\/index.php\/wp-json\/wp\/v2\/types\/post"}],"author":[{"embeddable":true,"href":"https:\/\/www.hashtag.al\/index.php\/wp-json\/wp\/v2\/users\/32"}],"replies":[{"embeddable":true,"href":"https:\/\/www.hashtag.al\/index.php\/wp-json\/wp\/v2\/comments?post=315144"}],"version-history":[{"count":0,"href":"https:\/\/www.hashtag.al\/index.php\/wp-json\/wp\/v2\/posts\/315144\/revisions"}],"wp:featuredmedia":[{"embeddable":true,"href":"https:\/\/www.hashtag.al\/index.php\/wp-json\/wp\/v2\/media\/310440"}],"wp:attachment":[{"href":"https:\/\/www.hashtag.al\/index.php\/wp-json\/wp\/v2\/media?parent=315144"}],"wp:term":[{"taxonomy":"category","embeddable":true,"href":"https:\/\/www.hashtag.al\/index.php\/wp-json\/wp\/v2\/categories?post=315144"},{"taxonomy":"post_tag","embeddable":true,"href":"https:\/\/www.hashtag.al\/index.php\/wp-json\/wp\/v2\/tags?post=315144"}],"curies":[{"name":"wp","href":"https:\/\/api.w.org\/{rel}","templated":true}]}}