{"id":315138,"date":"2019-08-11T17:28:28","date_gmt":"2019-08-11T15:28:28","guid":{"rendered":"https:\/\/hashtag.al\/?p=315138"},"modified":"2019-08-11T17:28:28","modified_gmt":"2019-08-11T15:28:28","slug":"tornadot-godasin-francen-holanden-dhe-luksemburgun","status":"publish","type":"post","link":"https:\/\/www.hashtag.al\/index.php\/2019\/08\/11\/tornadot-godasin-francen-holanden-dhe-luksemburgun\/","title":{"rendered":"Tornadot godasin Franc\u00ebn, Holand\u00ebn dhe Luksemburgun","gt_translate_keys":[{"key":"rendered","format":"text"}]},"content":{"rendered":"<p><img loading=\"lazy\" decoding=\"async\" class=\"aligncenter size-full wp-image-315139\" src=\"https:\/\/hashtag.al\/wp-content\/uploads\/2019\/08\/602x338_cmsv2_6830d259-d1ca-5cd8-9184-d541d4fae821-4081328.jpg\" alt=\"\" width=\"602\" height=\"338\" srcset=\"https:\/\/www.hashtag.al\/wp-content\/uploads\/2019\/08\/602x338_cmsv2_6830d259-d1ca-5cd8-9184-d541d4fae821-4081328.jpg 602w, https:\/\/www.hashtag.al\/wp-content\/uploads\/2019\/08\/602x338_cmsv2_6830d259-d1ca-5cd8-9184-d541d4fae821-4081328-300x168.jpg 300w\" sizes=\"auto, (max-width: 602px) 100vw, 602px\" \/><\/p>\n<p>Disa tornado kan\u00eb goditur Evrop\u00ebn. Amsterdami n\u00eb Holand\u00eb, Luksemburgu dhe lindja e Franc\u00ebs u prek\u00ebn nga fenomeni i rrall\u00eb p\u00ebr k\u00ebt\u00eb pjes\u00eb t\u00eb Evrop\u00ebs.<\/p>\n<p>14 njer\u00ebz jan\u00eb l\u00ebnduar dhe 160 sht\u00ebpi jan\u00eb d\u00ebmtuar nga jugper\u00ebndim t\u00eb Luksemburgut dhe m\u00eb pas tornadot kaluan n\u00eb Franc\u00eb. Tornado \u00ebsht\u00eb filmuar edhe n\u00eb qend\u00ebr t\u00eb Amsterdamit.<\/p>\n<p>N\u00eb Luksemburg shpejt\u00ebsia arriti n\u00eb 128 kilomet\u00ebr p\u00ebr or\u00eb, duke shkaktuar d\u00ebme t\u00eb shumta.D\u00ebme t\u00eb konsiderueshme jan\u00eb shkaktuar edhe n\u00eb Franc\u00eb.<\/p>\n<p>&nbsp;<\/p>\n","protected":false,"gt_translate_keys":[{"key":"rendered","format":"html"}]},"excerpt":{"rendered":"<p>Disa tornado kan\u00eb goditur Evrop\u00ebn. Amsterdami n\u00eb Holand\u00eb, Luksemburgu dhe lindja e Franc\u00ebs u prek\u00ebn nga fenomeni i rrall\u00eb p\u00ebr k\u00ebt\u00eb pjes\u00eb t\u00eb Evrop\u00ebs. 14 njer\u00ebz jan\u00eb l\u00ebnduar dhe 160 sht\u00ebpi jan\u00eb d\u00ebmtuar nga jugper\u00ebndim t\u00eb Luksemburgut dhe m\u00eb pas tornadot kaluan n\u00eb Franc\u00eb. Tornado \u00ebsht\u00eb filmuar edhe n\u00eb qend\u00ebr t\u00eb Amsterdamit. N\u00eb Luksemburg shpejt\u00ebsia [&hellip;]<\/p>\n","protected":false,"gt_translate_keys":[{"key":"rendered","format":"html"}]},"author":32,"featured_media":315139,"comment_status":"open","ping_status":"open","sticky":false,"template":"","format":"standard","meta":{"footnotes":""},"categories":[6,13],"tags":[],"class_list":["post-315138","post","type-post","status-publish","format-standard","has-post-thumbnail","hentry","category-nderkombetare","category-te-fundit"],"gt_translate_keys":[{"key":"link","format":"url"}],"_links":{"self":[{"href":"https:\/\/www.hashtag.al\/index.php\/wp-json\/wp\/v2\/posts\/315138","targetHints":{"allow":["GET"]}}],"collection":[{"href":"https:\/\/www.hashtag.al\/index.php\/wp-json\/wp\/v2\/posts"}],"about":[{"href":"https:\/\/www.hashtag.al\/index.php\/wp-json\/wp\/v2\/types\/post"}],"author":[{"embeddable":true,"href":"https:\/\/www.hashtag.al\/index.php\/wp-json\/wp\/v2\/users\/32"}],"replies":[{"embeddable":true,"href":"https:\/\/www.hashtag.al\/index.php\/wp-json\/wp\/v2\/comments?post=315138"}],"version-history":[{"count":0,"href":"https:\/\/www.hashtag.al\/index.php\/wp-json\/wp\/v2\/posts\/315138\/revisions"}],"wp:featuredmedia":[{"embeddable":true,"href":"https:\/\/www.hashtag.al\/index.php\/wp-json\/wp\/v2\/media\/315139"}],"wp:attachment":[{"href":"https:\/\/www.hashtag.al\/index.php\/wp-json\/wp\/v2\/media?parent=315138"}],"wp:term":[{"taxonomy":"category","embeddable":true,"href":"https:\/\/www.hashtag.al\/index.php\/wp-json\/wp\/v2\/categories?post=315138"},{"taxonomy":"post_tag","embeddable":true,"href":"https:\/\/www.hashtag.al\/index.php\/wp-json\/wp\/v2\/tags?post=315138"}],"curies":[{"name":"wp","href":"https:\/\/api.w.org\/{rel}","templated":true}]}}